{"id":47157,"date":"2026-06-01T19:41:11","date_gmt":"2026-06-01T17:41:11","guid":{"rendered":"https:\/\/www.angle-vivant.net\/florages\/?p=47157"},"modified":"2026-08-20T13:57:28","modified_gmt":"2026-08-20T11:57:28","slug":"la-termite-noire","status":"publish","type":"post","link":"https:\/\/www.angle-vivant.net\/florages\/?p=47157","title":{"rendered":"La termite noire."},"content":{"rendered":"\n<p><em>J&rsquo;\u00e9tais une termite noire et fus exclu d&rsquo;une termiti\u00e8re. Je fus dans la savane, immense et grouillante aussi, mais de po\u00e9sie, de danger, d&rsquo;aventures et d&rsquo;histoires. Je vis \u00e9l\u00e9phants, phacoch\u00e8res, girafes, rhinoc\u00e9ros, gu\u00e9pards, et pris des nouvelles du vaste monde. Enchant\u00e9, \u00e9bahi, adouci par autant de merveilles instantan\u00e9es, parmi un horizon charmant et r\u00e9siliant, je dus toutes fois rentrer dans la termiti\u00e8re. J&rsquo;eus voulu leur narrer mes aventures, mais je ne compris pas leur langage, je ne l&rsquo;avais jamais compris.<\/em> <\/p>\n","protected":false},"excerpt":{"rendered":"<p>J&rsquo;\u00e9tais une termite noire et fus exclu d&rsquo;une termiti\u00e8re. Je fus dans la savane, immense et grouillante aussi, mais de po\u00e9sie, de danger, d&rsquo;aventures et d&rsquo;histoires. Je vis \u00e9l\u00e9phants, phacoch\u00e8res, girafes, rhinoc\u00e9ros, gu\u00e9pards, et pris des nouvelles du vaste monde. Enchant\u00e9, \u00e9bahi, adouci par autant de merveilles instantan\u00e9es, parmi un horizon charmant et r\u00e9siliant, je [&hellip;]<\/p>\n","protected":false},"author":1,"featured_media":0,"comment_status":"open","ping_status":"open","sticky":false,"template":"","format":"standard","meta":[],"categories":[9],"tags":[],"_links":{"self":[{"href":"https:\/\/www.angle-vivant.net\/florages\/index.php?rest_route=\/wp\/v2\/posts\/47157"}],"collection":[{"href":"https:\/\/www.angle-vivant.net\/florages\/index.php?rest_route=\/wp\/v2\/posts"}],"about":[{"href":"https:\/\/www.angle-vivant.net\/florages\/index.php?rest_route=\/wp\/v2\/types\/post"}],"author":[{"embeddable":true,"href":"https:\/\/www.angle-vivant.net\/florages\/index.php?rest_route=\/wp\/v2\/users\/1"}],"replies":[{"embeddable":true,"href":"https:\/\/www.angle-vivant.net\/florages\/index.php?rest_route=%2Fwp%2Fv2%2Fcomments&post=47157"}],"version-history":[{"count":4,"href":"https:\/\/www.angle-vivant.net\/florages\/index.php?rest_route=\/wp\/v2\/posts\/47157\/revisions"}],"predecessor-version":[{"id":49766,"href":"https:\/\/www.angle-vivant.net\/florages\/index.php?rest_route=\/wp\/v2\/posts\/47157\/revisions\/49766"}],"wp:attachment":[{"href":"https:\/\/www.angle-vivant.net\/florages\/index.php?rest_route=%2Fwp%2Fv2%2Fmedia&parent=47157"}],"wp:term":[{"taxonomy":"category","embeddable":true,"href":"https:\/\/www.angle-vivant.net\/florages\/index.php?rest_route=%2Fwp%2Fv2%2Fcategories&post=47157"},{"taxonomy":"post_tag","embeddable":true,"href":"https:\/\/www.angle-vivant.net\/florages\/index.php?rest_route=%2Fwp%2Fv2%2Ftags&post=47157"}],"curies":[{"name":"wp","href":"https:\/\/api.w.org\/{rel}","templated":true}]}}