{"id":978,"date":"2013-09-10T13:11:23","date_gmt":"2013-09-10T13:11:23","guid":{"rendered":"https:\/\/www.angle-vivant.net\/claireceira\/?p=978"},"modified":"2013-09-10T13:11:23","modified_gmt":"2013-09-10T13:11:23","slug":"reve-de-la-route-et-du-mobile-perdus-2","status":"publish","type":"post","link":"https:\/\/www.angle-vivant.net\/claireceira\/reve-de-la-route-et-du-mobile-perdus-2\/","title":{"rendered":"r\u00eave de la route et du mobile perdus"},"content":{"rendered":"<p>Je dois \u00e0 nouveau, apr\u00e8s des ann\u00e9es d\u2019absence, allez travailler au CMP de D. , \u00e0 une dizaine de kilom\u00e8tres de l\u2019endroit o\u00f9 je me trouve : j\u2019ai des rendez-vous pr\u00e9vus \u00e0 partir de 14 h.<br \/>\nMa fille et un ami sont l\u00e0, ils ont aussi une voiture et veulent visiter D., je leur propose de me suivre. La ville o\u00f9 nous nous trouvons est d\u2019un plan compliqu\u00e9, et je me rends compte que je l\u2019ai oubli\u00e9, bien que j\u2019y aie v\u00e9cu longtemps. Il y a peu de panneaux indicateurs, les rues sont sinueuses, beaucoup de jardins&#8230;. et j\u2019ai oubli\u00e9 comment on la quitte  pour aller \u00e0 D.<br \/>\nUne premi\u00e8re tentative m\u2019am\u00e8ne dans un chemin de terre, il est \u00e9vident que je me suis tromp\u00e9e (j\u2019ai suivi les pancartes, mais je me souviens vaguement qu\u2019il fallait d\u2019abord aller en direction d\u2019un village qu\u2019on traversait, pour rejoindre ensuite la route principale). Deux noms me reviennent, je ne sais plus trop. Tout en roulant, je me rends compte que j\u2019ai \u00ab perdu \u00bb ma fille et son ami depuis longtemps avec mes demi-tours successifs, et &#8211; avec anxi\u00e9t\u00e9 &#8211; que je ne pourrai pas \u00eatre \u00e0 l\u2019heure pour le premier rendez-vous. La route \u00e9troite, sans indications,  traverse un paysage picard aux tons dor\u00e9s et terreux, un peu sombre, une campagne profonde dans l\u2019 humidit\u00e9 d\u2019un d\u00e9but d\u2019automne.<br \/>\n Je m\u2019arr\u00eate devant une maison pour demander mon chemin. Il y a l\u00e0 une femme compr\u00e9hensive, qui me donne acc\u00e8s \u00e0 un ordinateur dans la chambre d&rsquo;une adolescente, mais je suis de plus en plus anxieuse et confuse. Je voudrais appeler le centre, et aussi ma fille pour savoir o\u00f9 ils sont, leur donner les indications. Je m\u2019aper\u00e7ois alors que j\u2019ai perdu mon portable, ce qui est tout \u00e0 fait sid\u00e9rant parce que je l\u2019avais dans la main en entrant, je ne peux comprendre o\u00f9 je l\u2019ai mis, il y a pourtant tr\u00e8s peu d\u2019endroits possibles, seulement le d\u00e9sordre sur le bureau. J\u2019ai l\u2019impression d\u2019\u00eatre envahie de stupidit\u00e9 et de honte, prise dans l\u2019hostilit\u00e9 perverse des objets. Au bout d\u2019un moment je le retrouve enfin, apr\u00e8s de nombreuses v\u00e9rifications : il a gliss\u00e9 verticalement, noir, brillant et mince, dans un tiroir. J\u2019appelle le CMP, je leur demande de pr\u00e9venir les gens du premier rendez-vous de ne pas venir&#8230;.ils ne sont sans doute pas encore partis de chez eux. J\u2019esp\u00e8re \u00eatre \u00e0 l\u2019heure pour le second. Je me demande pourquoi je suis aussi angoiss\u00e9e, il n\u2019y a pourtant rien de tr\u00e8s grave dans tout \u00e7a.<\/p>\n<p><em><br \/>\nquand on revient sur ses pas<br \/>\non voit ce qu\u2019on a aim\u00e9<br \/>\non voit combien c\u2019\u00e9tait inconnu<br \/>\nhachur\u00e9, ambr\u00e9<br \/>\nm\u00eal\u00e9.<\/p>\n<p>la ville connue se d\u00e9fait comme un chignon,<br \/>\n\u00e9croule ses rues sur les arbres et les herbes,<br \/>\nses voies s\u2019ouvrent, coupures,<br \/>\n\u00e0 chaque tournant.<\/p>\n<p>et la peur vient :<br \/>\n&#8211; d&rsquo;\u00eatre perdu<br \/>\nd&rsquo;avoir par sa faute perdu &#8211;<br \/>\ntout ce qui nous tient \u00e0 l&rsquo;abri<br \/>\nd&rsquo;un Monde cru.<\/p>\n<p>aller en avant<br \/>\nsans noms ni appareils<br \/>\nsans heure &#8211; et s\u00e9par\u00e9<br \/>\nde ceux qui comptent pour nous.<\/p>\n<p>comment,<br \/>\ncomment pourrions-nous faire encore<br \/>\nces choses qui nous prot\u00e9geaient<br \/>\nde notre inutilit\u00e9 ?<\/em><\/p>\n<p><img decoding=\"async\" src=\"http:\/\/farm4.staticflickr.com\/3728\/9718441118_95dbfd88f4.jpg\" alt=\"null\" \/><\/p>\n","protected":false},"excerpt":{"rendered":"<p>Je dois \u00e0 nouveau, apr\u00e8s des ann\u00e9es d\u2019absence, allez travailler au CMP de D. , \u00e0 une dizaine de kilom\u00e8tres de l\u2019endroit o\u00f9 je me trouve : j\u2019ai des rendez-vous pr\u00e9vus \u00e0 partir de 14 h. Ma fille et un (&hellip;)<\/p>\n<p><a href=\"https:\/\/www.angle-vivant.net\/claireceira\/reve-de-la-route-et-du-mobile-perdus-2\/\">Read the rest of this entry &raquo;<\/a><\/p>\n","protected":false},"author":1,"featured_media":0,"comment_status":"open","ping_status":"closed","sticky":false,"template":"","format":"standard","meta":{"footnotes":""},"categories":[16],"tags":[],"class_list":["post-978","post","type-post","status-publish","format-standard","hentry","category-reves"],"_links":{"self":[{"href":"https:\/\/www.angle-vivant.net\/claireceira\/wp-json\/wp\/v2\/posts\/978","targetHints":{"allow":["GET"]}}],"collection":[{"href":"https:\/\/www.angle-vivant.net\/claireceira\/wp-json\/wp\/v2\/posts"}],"about":[{"href":"https:\/\/www.angle-vivant.net\/claireceira\/wp-json\/wp\/v2\/types\/post"}],"author":[{"embeddable":true,"href":"https:\/\/www.angle-vivant.net\/claireceira\/wp-json\/wp\/v2\/users\/1"}],"replies":[{"embeddable":true,"href":"https:\/\/www.angle-vivant.net\/claireceira\/wp-json\/wp\/v2\/comments?post=978"}],"version-history":[{"count":0,"href":"https:\/\/www.angle-vivant.net\/claireceira\/wp-json\/wp\/v2\/posts\/978\/revisions"}],"wp:attachment":[{"href":"https:\/\/www.angle-vivant.net\/claireceira\/wp-json\/wp\/v2\/media?parent=978"}],"wp:term":[{"taxonomy":"category","embeddable":true,"href":"https:\/\/www.angle-vivant.net\/claireceira\/wp-json\/wp\/v2\/categories?post=978"},{"taxonomy":"post_tag","embeddable":true,"href":"https:\/\/www.angle-vivant.net\/claireceira\/wp-json\/wp\/v2\/tags?post=978"}],"curies":[{"name":"wp","href":"https:\/\/api.w.org\/{rel}","templated":true}]}}