{"id":967,"date":"2013-08-30T09:35:09","date_gmt":"2013-08-30T09:35:09","guid":{"rendered":"https:\/\/www.angle-vivant.net\/claireceira\/?p=967"},"modified":"2016-12-05T18:19:10","modified_gmt":"2016-12-05T18:19:10","slug":"lieux-2","status":"publish","type":"post","link":"https:\/\/www.angle-vivant.net\/claireceira\/lieux-2\/","title":{"rendered":"lieux (2)"},"content":{"rendered":"<p>tu tiens ton grand manteau au dessus de ta t\u00eate<br \/>\ncomme une montagne aux deux versants inclin\u00e9s<br \/>\ntu baisses les yeux sous la grande lumi\u00e8re<br \/>\nqui nacre le mur derri\u00e8re toi, si blanc<br \/>\nvibre mauve dans le ciel<br \/>\net teinte de feu l&rsquo;autre montagne<br \/>\nau loin, nue.<br \/>\non voudrait baigner dans cette lumi\u00e8re immense<br \/>\natteindre, apr\u00e8s deux jours de marche<br \/>\nla montagne qui ne porte absolument rien d&rsquo;humain<br \/>\net rester, rester dans la lumi\u00e8re sans piti\u00e9, cl\u00e9mente.<\/p>\n<p>mais on s&rsquo;invite sous ton manteau<br \/>\n&#8211; on prend aussi de l&rsquo;ombre.<\/p>\n","protected":false},"excerpt":{"rendered":"<p>tu tiens ton grand manteau au dessus de ta t\u00eate comme une montagne aux deux versants inclin\u00e9s tu baisses les yeux sous la grande lumi\u00e8re qui nacre le mur derri\u00e8re toi, si blanc vibre mauve dans le ciel et teinte (&hellip;)<\/p>\n<p><a href=\"https:\/\/www.angle-vivant.net\/claireceira\/lieux-2\/\">Read the rest of this entry &raquo;<\/a><\/p>\n","protected":false},"author":1,"featured_media":0,"comment_status":"open","ping_status":"closed","sticky":false,"template":"","format":"standard","meta":{"footnotes":""},"categories":[19,12],"tags":[],"class_list":["post-967","post","type-post","status-publish","format-standard","hentry","category-maison","category-photos-peintures"],"_links":{"self":[{"href":"https:\/\/www.angle-vivant.net\/claireceira\/wp-json\/wp\/v2\/posts\/967","targetHints":{"allow":["GET"]}}],"collection":[{"href":"https:\/\/www.angle-vivant.net\/claireceira\/wp-json\/wp\/v2\/posts"}],"about":[{"href":"https:\/\/www.angle-vivant.net\/claireceira\/wp-json\/wp\/v2\/types\/post"}],"author":[{"embeddable":true,"href":"https:\/\/www.angle-vivant.net\/claireceira\/wp-json\/wp\/v2\/users\/1"}],"replies":[{"embeddable":true,"href":"https:\/\/www.angle-vivant.net\/claireceira\/wp-json\/wp\/v2\/comments?post=967"}],"version-history":[{"count":2,"href":"https:\/\/www.angle-vivant.net\/claireceira\/wp-json\/wp\/v2\/posts\/967\/revisions"}],"predecessor-version":[{"id":2494,"href":"https:\/\/www.angle-vivant.net\/claireceira\/wp-json\/wp\/v2\/posts\/967\/revisions\/2494"}],"wp:attachment":[{"href":"https:\/\/www.angle-vivant.net\/claireceira\/wp-json\/wp\/v2\/media?parent=967"}],"wp:term":[{"taxonomy":"category","embeddable":true,"href":"https:\/\/www.angle-vivant.net\/claireceira\/wp-json\/wp\/v2\/categories?post=967"},{"taxonomy":"post_tag","embeddable":true,"href":"https:\/\/www.angle-vivant.net\/claireceira\/wp-json\/wp\/v2\/tags?post=967"}],"curies":[{"name":"wp","href":"https:\/\/api.w.org\/{rel}","templated":true}]}}