{"id":959,"date":"2013-08-29T06:55:40","date_gmt":"2013-08-29T06:55:40","guid":{"rendered":"https:\/\/www.angle-vivant.net\/claireceira\/?p=959"},"modified":"2013-08-29T06:55:40","modified_gmt":"2013-08-29T06:55:40","slug":"reve-des-rosiers-sous-leau","status":"publish","type":"post","link":"https:\/\/www.angle-vivant.net\/claireceira\/reve-des-rosiers-sous-leau\/","title":{"rendered":"R\u00eave des rosiers sous l&rsquo;eau"},"content":{"rendered":"<p>C&rsquo;est une institution qui re\u00e7oit des enfants, avec une \u00e9quipe de jeunes femmes gentilles et gaies, dont je suis responsable. Les parents am\u00e8nent leurs enfants dans une premi\u00e8re pi\u00e8ce, vitr\u00e9e dans sa partie sup\u00e9rieure, et toute blanche. Un p\u00e8re accompagne son fils, il est tr\u00e8s inquiet et veut s&rsquo;occuper de tout, il est un peu irritant (mais je me dis que je peux le comprendre).  <\/p>\n<p>Il y a une autre tr\u00e8s grande pi\u00e8ce, qui est aussi un jardin, et dont \u00e9trangement une partie est engloutie sous l&rsquo;eau ; mais c&rsquo;est plut\u00f4t comme si l&rsquo;espace \u00e9tait divis\u00e9 verticalement, moiti\u00e9 a\u00e9rien d&rsquo;un c\u00f4t\u00e9, moiti\u00e9 aquatique de l&rsquo;autre, la limite qui les s\u00e9pare est indistincte, progressive. Les rosiers le supportent tr\u00e8s bien, on voit leurs roses de toutes les couleurs, modifi\u00e9es par la transparence vert jade de l&rsquo;eau, avec leurs p\u00e9tales enroul\u00e9s.<br \/>\nDans la troisi\u00e8me pi\u00e8ce, le dortoir des b\u00e9b\u00e9s, sont install\u00e9s \u00e0 mi-hauteur des murs, dans un renfoncement, une s\u00e9rie d&rsquo;aquariums, dont l&rsquo;un est beaucoup plus grand que les autres. Ils sont \u00e0 sec, remplis de d\u00e9bris de plantes. Je dis aux jeunes femmes que \u00e7a ne fait pas bon effet, c&rsquo;est un peu comme ces services chroniques d&rsquo;h\u00f4pitaux qui sont dans l&rsquo;immobilit\u00e9, \u00e0 moiti\u00e9 morts. Et puis pour les b\u00e9b\u00e9s c&rsquo;est bien de voir des poissons qui bougent, leurs mouvements les int\u00e9ressent, ils ne s&rsquo;ennuient pas.<br \/>\n Je d\u00e9cide de nettoyer les aquariums, un des enfants du Centre veut m&rsquo;aider, un petit gar\u00e7on brun, tr\u00e8s d\u00e9brouillard, mais je refuse car je me dis que les aquariums pourraient se casser et il pourrait gravement se couper \u00e0 ce verre lourd et tranchant.<br \/>\nDans un coin du jardin se trouve aussi une sorte de mare trouble, dans laquelle on voit nager des animaux difficiles \u00e0 identifier, un peu effrayants, blancs.<br \/>\nDans le ciel au dessus, appara\u00eet brusquement un aigle, qui rattrape au vol un autre oiseau et le saisit&#8230;.mais quand il passe, on voit entre ses serres un petit h\u00e9risson encore vivant, dont ne d\u00e9passent que le museau pointu et les yeux brillants. Il n&rsquo;a aucun moyen d&rsquo;exprimer les \u00e9motions qu&rsquo;il ressent, et c&rsquo;est ce qui me semble le plus terrible, qui me saisit de piti\u00e9.<\/p>\n<p><em>o\u00f9 vivent les enfants ?<br \/>\nceux du premier \u00e2ge<br \/>\nceux qui sont confi\u00e9s<br \/>\net les grands<br \/>\n&#8211; entre maison et jardin.<\/p>\n<p>l\u2019eau de l\u2019enfance<br \/>\nbaigne toutes choses<br \/>\nautour d\u2019eux, et leurs couleurs<br \/>\nnous les voyons aussi.<\/p>\n<p>nos soins<br \/>\ncentr\u00e9s par leur fragilit\u00e9<br \/>\nparce que leur douleur est un stylet<br \/>\nqui nous transperce<\/p>\n<p>et derri\u00e8re eux marchant<br \/>\n\u00e0 leur pas<br \/>\nnous buvons le vin nouveau de leur treille<br \/>\nces raisins qu\u2019ils \u00e9crasent dans leurs mains<br \/>\ntendues et charnues comme des fleurs.<\/p>\n<p><\/em><\/p>\n<p><img decoding=\"async\" src=\"http:\/\/farm4.staticflickr.com\/3781\/10022789563_2dea55dbf9.jpg\" alt=\"null\" \/> <\/p>\n","protected":false},"excerpt":{"rendered":"<p>C&rsquo;est une institution qui re\u00e7oit des enfants, avec une \u00e9quipe de jeunes femmes gentilles et gaies, dont je suis responsable. Les parents am\u00e8nent leurs enfants dans une premi\u00e8re pi\u00e8ce, vitr\u00e9e dans sa partie sup\u00e9rieure, et toute blanche. Un p\u00e8re accompagne (&hellip;)<\/p>\n<p><a href=\"https:\/\/www.angle-vivant.net\/claireceira\/reve-des-rosiers-sous-leau\/\">Read the rest of this entry &raquo;<\/a><\/p>\n","protected":false},"author":1,"featured_media":0,"comment_status":"open","ping_status":"closed","sticky":false,"template":"","format":"standard","meta":{"footnotes":""},"categories":[16],"tags":[],"class_list":["post-959","post","type-post","status-publish","format-standard","hentry","category-reves"],"_links":{"self":[{"href":"https:\/\/www.angle-vivant.net\/claireceira\/wp-json\/wp\/v2\/posts\/959","targetHints":{"allow":["GET"]}}],"collection":[{"href":"https:\/\/www.angle-vivant.net\/claireceira\/wp-json\/wp\/v2\/posts"}],"about":[{"href":"https:\/\/www.angle-vivant.net\/claireceira\/wp-json\/wp\/v2\/types\/post"}],"author":[{"embeddable":true,"href":"https:\/\/www.angle-vivant.net\/claireceira\/wp-json\/wp\/v2\/users\/1"}],"replies":[{"embeddable":true,"href":"https:\/\/www.angle-vivant.net\/claireceira\/wp-json\/wp\/v2\/comments?post=959"}],"version-history":[{"count":0,"href":"https:\/\/www.angle-vivant.net\/claireceira\/wp-json\/wp\/v2\/posts\/959\/revisions"}],"wp:attachment":[{"href":"https:\/\/www.angle-vivant.net\/claireceira\/wp-json\/wp\/v2\/media?parent=959"}],"wp:term":[{"taxonomy":"category","embeddable":true,"href":"https:\/\/www.angle-vivant.net\/claireceira\/wp-json\/wp\/v2\/categories?post=959"},{"taxonomy":"post_tag","embeddable":true,"href":"https:\/\/www.angle-vivant.net\/claireceira\/wp-json\/wp\/v2\/tags?post=959"}],"curies":[{"name":"wp","href":"https:\/\/api.w.org\/{rel}","templated":true}]}}