{"id":942,"date":"2013-08-02T21:29:52","date_gmt":"2013-08-02T21:29:52","guid":{"rendered":"https:\/\/www.angle-vivant.net\/claireceira\/?p=942"},"modified":"2013-08-02T21:29:52","modified_gmt":"2013-08-02T21:29:52","slug":"reve-de-la-maison-de-retraite","status":"publish","type":"post","link":"https:\/\/www.angle-vivant.net\/claireceira\/reve-de-la-maison-de-retraite\/","title":{"rendered":"r\u00eave de la maison de retraite"},"content":{"rendered":"<p>la maison de retraite, par derri\u00e8re, est bord\u00e9e par une sorte de talus haut et nu, argileux. Je me tiens debout \u00e0 une porte, il pleut, et je me rends compte soudain que ce talus para\u00eet creux, fissur\u00e9, et qu&rsquo;il ondule, comme si quelque chose s&rsquo;y d\u00e9pla\u00e7ait. Je suis inqui\u00e8te : au del\u00e0 de ce talus, je sais que se trouve le zoo. Soudain la surface du sol cr\u00e8ve, et appara\u00eet un crocodile qui rampe et dispara\u00eet aussit\u00f4t, couvert de boue. La pluie tombe en effet en rideau serr\u00e9, et l&rsquo;espace situ\u00e9 au del\u00e0 du talus n&rsquo;est qu&rsquo;une fondri\u00e8re tremp\u00e9e, pleine de traces de petits pas, ou de petites pattes. Je dois pourtant absolument la traverser, avec quelqu&rsquo;un de plus fragile, qui ne peut aller vite. On me dit que derni\u00e8rement un enfant a \u00e9t\u00e9 d\u00e9vor\u00e9 ici par un des crocodiles, qui se sont \u00e9chapp\u00e9s de leur enclos, car le zoo p\u00e9riclite et il y a une grande n\u00e9gligence. Je suis d&rsquo;autant plus indign\u00e9e que je sais que ce sont des gens pauvres qui vivent l\u00e0, et que la mort d&rsquo;un enfant de cet endroit ne choque gu\u00e8re. Je parviens quand m\u00eame \u00e0 traverser l&rsquo;espace dangereux, en courant presque, sous la pluie, avec la personne qui m&rsquo;accompagne. On atteint un parking o\u00f9 des amis nous attendent.<\/p>\n<p><em>les monstres des r\u00eaves<br \/>\n&#8211; les d\u00e9vorations latentes &#8211;<br \/>\nde l\u00e0 o\u00f9 nous f\u00fbmes jet\u00e9s<br \/>\net rang\u00e9s<br \/>\nnous regardons tomber la pluie<br \/>\n\u00e0 l\u2019abri d\u2019un avant-toit.<\/p>\n<p>la gueule profonde et rose<br \/>\ndu petit crocodile en plastique<br \/>\nbord\u00e9e d\u2019un feston de dents <\/p>\n<p>la terre comme un terrier, un tube boueux<br \/>\nd\u2019o\u00f9 jaillit sous la pluie battante<br \/>\nce qui fut si longtemps enferm\u00e9<br \/>\nrang\u00e9.<\/p>\n<p>il faudra, il faudra bien traverser. <\/em><\/p>\n","protected":false},"excerpt":{"rendered":"<p>la maison de retraite, par derri\u00e8re, est bord\u00e9e par une sorte de talus haut et nu, argileux. Je me tiens debout \u00e0 une porte, il pleut, et je me rends compte soudain que ce talus para\u00eet creux, fissur\u00e9, et qu&rsquo;il (&hellip;)<\/p>\n<p><a href=\"https:\/\/www.angle-vivant.net\/claireceira\/reve-de-la-maison-de-retraite\/\">Read the rest of this entry &raquo;<\/a><\/p>\n","protected":false},"author":1,"featured_media":0,"comment_status":"open","ping_status":"closed","sticky":false,"template":"","format":"standard","meta":{"footnotes":""},"categories":[16],"tags":[],"class_list":["post-942","post","type-post","status-publish","format-standard","hentry","category-reves"],"_links":{"self":[{"href":"https:\/\/www.angle-vivant.net\/claireceira\/wp-json\/wp\/v2\/posts\/942","targetHints":{"allow":["GET"]}}],"collection":[{"href":"https:\/\/www.angle-vivant.net\/claireceira\/wp-json\/wp\/v2\/posts"}],"about":[{"href":"https:\/\/www.angle-vivant.net\/claireceira\/wp-json\/wp\/v2\/types\/post"}],"author":[{"embeddable":true,"href":"https:\/\/www.angle-vivant.net\/claireceira\/wp-json\/wp\/v2\/users\/1"}],"replies":[{"embeddable":true,"href":"https:\/\/www.angle-vivant.net\/claireceira\/wp-json\/wp\/v2\/comments?post=942"}],"version-history":[{"count":0,"href":"https:\/\/www.angle-vivant.net\/claireceira\/wp-json\/wp\/v2\/posts\/942\/revisions"}],"wp:attachment":[{"href":"https:\/\/www.angle-vivant.net\/claireceira\/wp-json\/wp\/v2\/media?parent=942"}],"wp:term":[{"taxonomy":"category","embeddable":true,"href":"https:\/\/www.angle-vivant.net\/claireceira\/wp-json\/wp\/v2\/categories?post=942"},{"taxonomy":"post_tag","embeddable":true,"href":"https:\/\/www.angle-vivant.net\/claireceira\/wp-json\/wp\/v2\/tags?post=942"}],"curies":[{"name":"wp","href":"https:\/\/api.w.org\/{rel}","templated":true}]}}