{"id":924,"date":"2013-08-01T09:52:58","date_gmt":"2013-08-01T09:52:58","guid":{"rendered":"https:\/\/www.angle-vivant.net\/claireceira\/?p=924"},"modified":"2016-09-05T14:15:41","modified_gmt":"2016-09-05T14:15:41","slug":"vieillir-fatigue","status":"publish","type":"post","link":"https:\/\/www.angle-vivant.net\/claireceira\/vieillir-fatigue\/","title":{"rendered":"vieillir fatigue"},"content":{"rendered":"<p><em>(\u00e0 Cesare Pavese)<\/em><\/p>\n<p>nulle d\u00e9rive n&rsquo;\u00e9carte plus les navires<br \/>\ndes lignes trac\u00e9es dans la mati\u00e8re sal\u00e9e de l&rsquo;eau<br \/>\nl&rsquo;artifice ne fait plus illusion, nul baiser ne r\u00e9v\u00e8le<br \/>\ndans la nuit du trou de l&rsquo;oreille<br \/>\nce qui viendrait retourner l&rsquo;histoire<br \/>\ncomme un gant.<\/p>\n<p>entre les pommiers dont tu connais chaque fourche<br \/>\nle parfum de cire froide en automne<br \/>\npasse le regard. <\/p>\n<p>&#8211; et puis &#8211;<\/p>\n<p>devant les livres dress\u00e9s sur les gondoles des hypermarch\u00e9s<br \/>\nles fillettes qui semblent se dandiner sur leurs escalators<br \/>\nles foules et les pens\u00e9es parasites<br \/>\nhabitant l&rsquo;esprit dans la lumi\u00e8re du jour<br \/>\nou l&rsquo;intimit\u00e9 de la nuit<br \/>\ngrin\u00e7ant crissant, craies impures<\/p>\n<p>tu sens monter la fatigue<br \/>\nde toi et du monde.<\/p>\n","protected":false},"excerpt":{"rendered":"<p>(\u00e0 Cesare Pavese) nulle d\u00e9rive n&rsquo;\u00e9carte plus les navires des lignes trac\u00e9es dans la mati\u00e8re sal\u00e9e de l&rsquo;eau l&rsquo;artifice ne fait plus illusion, nul baiser ne r\u00e9v\u00e8le dans la nuit du trou de l&rsquo;oreille ce qui viendrait retourner l&rsquo;histoire comme (&hellip;)<\/p>\n<p><a href=\"https:\/\/www.angle-vivant.net\/claireceira\/vieillir-fatigue\/\">Read the rest of this entry &raquo;<\/a><\/p>\n","protected":false},"author":1,"featured_media":0,"comment_status":"open","ping_status":"closed","sticky":false,"template":"","format":"standard","meta":{"footnotes":""},"categories":[22],"tags":[],"class_list":["post-924","post","type-post","status-publish","format-standard","hentry","category-la-voie-associative"],"_links":{"self":[{"href":"https:\/\/www.angle-vivant.net\/claireceira\/wp-json\/wp\/v2\/posts\/924","targetHints":{"allow":["GET"]}}],"collection":[{"href":"https:\/\/www.angle-vivant.net\/claireceira\/wp-json\/wp\/v2\/posts"}],"about":[{"href":"https:\/\/www.angle-vivant.net\/claireceira\/wp-json\/wp\/v2\/types\/post"}],"author":[{"embeddable":true,"href":"https:\/\/www.angle-vivant.net\/claireceira\/wp-json\/wp\/v2\/users\/1"}],"replies":[{"embeddable":true,"href":"https:\/\/www.angle-vivant.net\/claireceira\/wp-json\/wp\/v2\/comments?post=924"}],"version-history":[{"count":1,"href":"https:\/\/www.angle-vivant.net\/claireceira\/wp-json\/wp\/v2\/posts\/924\/revisions"}],"predecessor-version":[{"id":2232,"href":"https:\/\/www.angle-vivant.net\/claireceira\/wp-json\/wp\/v2\/posts\/924\/revisions\/2232"}],"wp:attachment":[{"href":"https:\/\/www.angle-vivant.net\/claireceira\/wp-json\/wp\/v2\/media?parent=924"}],"wp:term":[{"taxonomy":"category","embeddable":true,"href":"https:\/\/www.angle-vivant.net\/claireceira\/wp-json\/wp\/v2\/categories?post=924"},{"taxonomy":"post_tag","embeddable":true,"href":"https:\/\/www.angle-vivant.net\/claireceira\/wp-json\/wp\/v2\/tags?post=924"}],"curies":[{"name":"wp","href":"https:\/\/api.w.org\/{rel}","templated":true}]}}