{"id":883,"date":"2013-07-24T16:35:23","date_gmt":"2013-07-24T16:35:23","guid":{"rendered":"https:\/\/www.angle-vivant.net\/claireceira\/?p=883"},"modified":"2013-07-24T16:35:23","modified_gmt":"2013-07-24T16:35:23","slug":"reve-du-travail","status":"publish","type":"post","link":"https:\/\/www.angle-vivant.net\/claireceira\/reve-du-travail\/","title":{"rendered":"r\u00eave du travail ensemble"},"content":{"rendered":"<p>Il vit dans un long jardin. Jamais il n&rsquo;appara\u00eet vraiment dans le r\u00eave, c&rsquo;est plut\u00f4t une silhouette, en retrait.<br \/>\nAu bout du jardin se trouvent des b\u00e2timents, dans lesquels il entrepose tout ce dont il a besoin (et que sans doute il habite). En particulier, au fond d&rsquo;une pi\u00e8ce peu utilis\u00e9e, peu \u00e9clair\u00e9e, il y a une \u00e9tag\u00e8re basse avec toute une collection de bo\u00eete plates de m\u00e9tal brillant, cylindriques, dans lesquelles il garde, sans marque distinctive, des vid\u00e9os, des films. Je suis surprise du nombre de documents qu&rsquo;il a collect\u00e9s, surprise aussi de la s\u00fbret\u00e9 avec laquelle il va les choisir, comme s&rsquo;il avait tout en m\u00e9moire.<br \/>\nJe travaille avec lui. Ce travail, ce qui en na\u00eet, c&rsquo;est un plaisir profond, encore accru par le fait qu&rsquo;il se fasse ensemble&#8230;.il me semble qu&rsquo;il n&rsquo;y a rien d&rsquo;autre qui puisse \u00e9galer cette satisfaction.<br \/>\nUne jeune fille passe dans ce jardin, elle est blonde, ses sourcils eux-m\u00eames sont dor\u00e9s ; elle prom\u00e8ne sa beaut\u00e9, elle est avec lui, elle est en dehors du travail.<br \/>\nUne autre jeune fille apparait dans le r\u00eave, aux cheveux ch\u00e2tain roux. Elle les coiffe d&rsquo;un bandeau, utilisant pour les lisser en arri\u00e8re le mouvement violent du vent. Elle dit na\u00efvement : j&rsquo;aime quand j&rsquo;ai raison.<br \/>\nSur un c\u00f4t\u00e9 du jardin, j&rsquo;ai creus\u00e9 une tranch\u00e9e, et j&rsquo;y ai install\u00e9 de grands tron\u00e7ons de branches de cerisiers. Ils feront des racines, puis des arbres. Lui me fait remarquer que le dernier d&rsquo;entre eux est trop proche d&rsquo;un arbre d\u00e9j\u00e0 adulte qu&rsquo;il va g\u00eaner, alors je l&rsquo;enl\u00e8ve. Il en reste encore 5 ou 6.<\/p>\n<p><em>le jardin est comme un sarcophage &#8211; il vire au vert tout entier dans le soir<br \/>\no\u00f9 luit et s&rsquo;ouvre<br \/>\nla bo\u00eete cherch\u00e9e, et c&rsquo;est ce qu&rsquo;il fallait ce soir pour terminer.<br \/>\nla journ\u00e9e s&rsquo;est pass\u00e9e comme les pr\u00e9c\u00e9dentes<br \/>\ncalme sourde et f\u00e9conde<br \/>\net le temps est f\u00e9cond &#8211; sans mesure et sans chiffre.<\/p>\n<p>tout vient prendre sa place<br \/>\ndans ce qui na\u00eet sous nos yeux<br \/>\nle double regard suffit<br \/>\npour trouver tout. <\/p>\n<p>de m\u00eame, dans l&rsquo;architecture cach\u00e9e du jardin,<br \/>\ndans les all\u00e9es qui entourent les longs b\u00e2timents<br \/>\non plante et donne<br \/>\n\u00e0 chaque espace son v\u00e9g\u00e9tal<br \/>\n\u00e0 chaque v\u00e9g\u00e9tal une part de lumi\u00e8re, un trou.<br \/>\net le temps ne coule plus<br \/>\n\u00e0 cause de cette f\u00e9condit\u00e9, de cette architecture secr\u00e8te,<br \/>\n\u00e0 cause de ce qui doit \u00eatre, qui est.<br \/>\nle temps s&rsquo;avance \u00e0 son rythme.<br \/>\n<\/em><\/p>\n","protected":false},"excerpt":{"rendered":"<p>Il vit dans un long jardin. Jamais il n&rsquo;appara\u00eet vraiment dans le r\u00eave, c&rsquo;est plut\u00f4t une silhouette, en retrait. Au bout du jardin se trouvent des b\u00e2timents, dans lesquels il entrepose tout ce dont il a besoin (et que sans (&hellip;)<\/p>\n<p><a href=\"https:\/\/www.angle-vivant.net\/claireceira\/reve-du-travail\/\">Read the rest of this entry &raquo;<\/a><\/p>\n","protected":false},"author":1,"featured_media":0,"comment_status":"open","ping_status":"closed","sticky":false,"template":"","format":"standard","meta":{"footnotes":""},"categories":[16],"tags":[],"class_list":["post-883","post","type-post","status-publish","format-standard","hentry","category-reves"],"_links":{"self":[{"href":"https:\/\/www.angle-vivant.net\/claireceira\/wp-json\/wp\/v2\/posts\/883","targetHints":{"allow":["GET"]}}],"collection":[{"href":"https:\/\/www.angle-vivant.net\/claireceira\/wp-json\/wp\/v2\/posts"}],"about":[{"href":"https:\/\/www.angle-vivant.net\/claireceira\/wp-json\/wp\/v2\/types\/post"}],"author":[{"embeddable":true,"href":"https:\/\/www.angle-vivant.net\/claireceira\/wp-json\/wp\/v2\/users\/1"}],"replies":[{"embeddable":true,"href":"https:\/\/www.angle-vivant.net\/claireceira\/wp-json\/wp\/v2\/comments?post=883"}],"version-history":[{"count":0,"href":"https:\/\/www.angle-vivant.net\/claireceira\/wp-json\/wp\/v2\/posts\/883\/revisions"}],"wp:attachment":[{"href":"https:\/\/www.angle-vivant.net\/claireceira\/wp-json\/wp\/v2\/media?parent=883"}],"wp:term":[{"taxonomy":"category","embeddable":true,"href":"https:\/\/www.angle-vivant.net\/claireceira\/wp-json\/wp\/v2\/categories?post=883"},{"taxonomy":"post_tag","embeddable":true,"href":"https:\/\/www.angle-vivant.net\/claireceira\/wp-json\/wp\/v2\/tags?post=883"}],"curies":[{"name":"wp","href":"https:\/\/api.w.org\/{rel}","templated":true}]}}