{"id":866,"date":"2013-07-08T13:47:20","date_gmt":"2013-07-08T13:47:20","guid":{"rendered":"https:\/\/www.angle-vivant.net\/claireceira\/?p=866"},"modified":"2018-10-27T16:06:30","modified_gmt":"2018-10-27T16:06:30","slug":"membranes","status":"publish","type":"post","link":"https:\/\/www.angle-vivant.net\/claireceira\/membranes\/","title":{"rendered":"membranes"},"content":{"rendered":"<p><img decoding=\"async\" src=\"https:\/\/lh3.googleusercontent.com\/-pdqsu5xE1Sw\/SVIQQixVvqI\/AAAAAAAAAp0\/mt0DtUyc7vE\/w667-h500-no\/IMAG0039.JPG\" alt=\"\" \/><\/p>\n<p>Sortis des l\u00e8vres brunes de la nuit<br \/>\n\u00e9mergeant de ces l\u00e8vres<br \/>\nGaspard, Luc et Rainer<br \/>\nt&rsquo;entourent de leurs petits bras de coton.<br \/>\nQui leur \u00f4ta la vie, les en priva ? <\/p>\n<p>Toi qui portes tant de chair chaude<br \/>\ntu l\u2019as enfouie dans le lit<br \/>\ntu r\u00eaves de soleil tu r\u00eaves d&rsquo;eux&#8230;.. rouge<br \/>\nton sang  irrigue le grand pays de la chair, silencieux.<\/p>\n<p>Ils errent, sous la surface du temps &#8211; l&rsquo;eau froide<br \/>\nsortant leurs t\u00eates p\u00e2les et leurs courts cheveux<br \/>\nde l&rsquo;eau du sommeil, et grandissant soudain d&rsquo;enfant en homme<br \/>\nchacun \u00e0 son tour  t&rsquo;encercle &#8211; chacun \u00e0 son tour<br \/>\nsaisit tes seins.<br \/>\nTon r\u00eave est centr\u00e9 sur leurs visages tristes<br \/>\nmais chaque fois tu te l\u00e8ves et tu l&rsquo;oublies.<br \/>\nLeur petites canines d&rsquo;ivoire<br \/>\ngrincent de chagrin.<\/p>\n<p>Et toi tu regardes<br \/>\nsouvent par la fen\u00eatre<br \/>\ncelui qui passe, de dos.<\/p>\n<p>Le jour vitr\u00e9 perd sa substance, le vivant<br \/>\nboit la mort.<\/p>\n<p><em>(le tableau est de Marie H\u00e9l\u00e8ne Biovir)<br \/>\n<\/em><\/p>\n","protected":false},"excerpt":{"rendered":"<p>Sortis des l\u00e8vres brunes de la nuit \u00e9mergeant de ces l\u00e8vres Gaspard, Luc et Rainer t&rsquo;entourent de leurs petits bras de coton. Qui leur \u00f4ta la vie, les en priva ? Toi qui portes tant de chair chaude tu l\u2019as (&hellip;)<\/p>\n<p><a href=\"https:\/\/www.angle-vivant.net\/claireceira\/membranes\/\">Read the rest of this entry &raquo;<\/a><\/p>\n","protected":false},"author":1,"featured_media":0,"comment_status":"open","ping_status":"closed","sticky":false,"template":"","format":"standard","meta":{"footnotes":""},"categories":[20],"tags":[],"class_list":["post-866","post","type-post","status-publish","format-standard","hentry","category-daimon"],"_links":{"self":[{"href":"https:\/\/www.angle-vivant.net\/claireceira\/wp-json\/wp\/v2\/posts\/866","targetHints":{"allow":["GET"]}}],"collection":[{"href":"https:\/\/www.angle-vivant.net\/claireceira\/wp-json\/wp\/v2\/posts"}],"about":[{"href":"https:\/\/www.angle-vivant.net\/claireceira\/wp-json\/wp\/v2\/types\/post"}],"author":[{"embeddable":true,"href":"https:\/\/www.angle-vivant.net\/claireceira\/wp-json\/wp\/v2\/users\/1"}],"replies":[{"embeddable":true,"href":"https:\/\/www.angle-vivant.net\/claireceira\/wp-json\/wp\/v2\/comments?post=866"}],"version-history":[{"count":2,"href":"https:\/\/www.angle-vivant.net\/claireceira\/wp-json\/wp\/v2\/posts\/866\/revisions"}],"predecessor-version":[{"id":3195,"href":"https:\/\/www.angle-vivant.net\/claireceira\/wp-json\/wp\/v2\/posts\/866\/revisions\/3195"}],"wp:attachment":[{"href":"https:\/\/www.angle-vivant.net\/claireceira\/wp-json\/wp\/v2\/media?parent=866"}],"wp:term":[{"taxonomy":"category","embeddable":true,"href":"https:\/\/www.angle-vivant.net\/claireceira\/wp-json\/wp\/v2\/categories?post=866"},{"taxonomy":"post_tag","embeddable":true,"href":"https:\/\/www.angle-vivant.net\/claireceira\/wp-json\/wp\/v2\/tags?post=866"}],"curies":[{"name":"wp","href":"https:\/\/api.w.org\/{rel}","templated":true}]}}