{"id":864,"date":"2013-07-08T13:44:55","date_gmt":"2013-07-08T13:44:55","guid":{"rendered":"https:\/\/www.angle-vivant.net\/claireceira\/?p=864"},"modified":"2013-07-08T13:44:55","modified_gmt":"2013-07-08T13:44:55","slug":"reve-de-luniversite","status":"publish","type":"post","link":"https:\/\/www.angle-vivant.net\/claireceira\/reve-de-luniversite\/","title":{"rendered":"r\u00eave de l&rsquo;universit\u00e9"},"content":{"rendered":"<p>C&rsquo;est une fac dans un \u00e9tat lamentable. Portes pr\u00e9fabriqu\u00e9es battantes et d\u00e9grad\u00e9es, murs sales et couverts d&rsquo;inscriptions, tout est cass\u00e9, de mauvaise qualit\u00e9, pisseux et froid , couleurs blanches, grises ou bleue p\u00e2les.. .aux murs sont fix\u00e9s avec des punaises des petits papiers \u00e0 moiti\u00e9 d\u00e9chir\u00e9s, \u00e9crits \u00e0 la main, des imprim\u00e9s p\u00e9rim\u00e9s.  Les \u00e9tudiants naviguent l\u00e0-dedans avec philosophie, se rassemblent autour de leurs professeurs dans une salle, tables le long des murs dispos\u00e9es en un grand rectangle. C&rsquo;est le d\u00e9but de l&rsquo;ann\u00e9e.<br \/>\nCelle d&rsquo;avant s&rsquo;est mal termin\u00e9e pour moi, parce que je n&rsquo;ai absolument pas travaill\u00e9, c&rsquo;est \u00e0 peine si je connaissais les mati\u00e8res enseign\u00e9es, encore moins les horaires des cours. Cette ann\u00e9e j&rsquo;ai d\u00e9cid\u00e9 de m&rsquo;y mettre, alors je commence par aller consulter le planning.<br \/>\nC&rsquo;est un \u00e9trange document, en forme de jupe plate, pos\u00e9 sur une table. La couverture est en tissu, du jean ;  les feuilles \u00e0 l\u2019int\u00e9rieur sont plastifi\u00e9es, gondol\u00e9es, et tout le monde les tourne avec pr\u00e9caution, regarde les tableaux qui indiquent les horaires et les salles de cour. C&rsquo;est une fac o\u00f9 on enseigne les techniques de l&rsquo;habillement.<br \/>\nJ&rsquo;entre et m&rsquo;assieds dans cette grande salle, \u00e0 une de ces tables. On parle de ce qui s&rsquo;est pass\u00e9 l&rsquo;ann\u00e9e derni\u00e8re&#8230;quelque chose est arriv\u00e9 \u00e0 une fille nomm\u00e9e Rebecca, et ils \u00e9changent \u00e0 mots couverts. Je ne suis au courant de rien, il semble que tout le monde se sente assez coupable. Il y a \u00e0 c\u00f4t\u00e9 de moi un gar\u00e7on que je connais depuis longtemps, qui s&rsquo;appelle X, que j&rsquo;ai eu plaisir \u00e0 retrouver car ainsi je me sens moins \u00e9trang\u00e8re. Un des professeurs se l\u00e8ve et parle, debout \u00e0 ma droite. Il est entre deux \u00e2ges, v\u00eatu de couleurs ternes, de ces v\u00eatements sans attrait des ann\u00e9es 60 (comme dans le film sur Hannah Arendt). Je ne comprends rien de ce qu&rsquo;il dit.<\/p>\n","protected":false},"excerpt":{"rendered":"<p>C&rsquo;est une fac dans un \u00e9tat lamentable. Portes pr\u00e9fabriqu\u00e9es battantes et d\u00e9grad\u00e9es, murs sales et couverts d&rsquo;inscriptions, tout est cass\u00e9, de mauvaise qualit\u00e9, pisseux et froid , couleurs blanches, grises ou bleue p\u00e2les.. .aux murs sont fix\u00e9s avec des punaises (&hellip;)<\/p>\n<p><a href=\"https:\/\/www.angle-vivant.net\/claireceira\/reve-de-luniversite\/\">Read the rest of this entry &raquo;<\/a><\/p>\n","protected":false},"author":1,"featured_media":0,"comment_status":"open","ping_status":"closed","sticky":false,"template":"","format":"standard","meta":{"footnotes":""},"categories":[16],"tags":[],"class_list":["post-864","post","type-post","status-publish","format-standard","hentry","category-reves"],"_links":{"self":[{"href":"https:\/\/www.angle-vivant.net\/claireceira\/wp-json\/wp\/v2\/posts\/864","targetHints":{"allow":["GET"]}}],"collection":[{"href":"https:\/\/www.angle-vivant.net\/claireceira\/wp-json\/wp\/v2\/posts"}],"about":[{"href":"https:\/\/www.angle-vivant.net\/claireceira\/wp-json\/wp\/v2\/types\/post"}],"author":[{"embeddable":true,"href":"https:\/\/www.angle-vivant.net\/claireceira\/wp-json\/wp\/v2\/users\/1"}],"replies":[{"embeddable":true,"href":"https:\/\/www.angle-vivant.net\/claireceira\/wp-json\/wp\/v2\/comments?post=864"}],"version-history":[{"count":0,"href":"https:\/\/www.angle-vivant.net\/claireceira\/wp-json\/wp\/v2\/posts\/864\/revisions"}],"wp:attachment":[{"href":"https:\/\/www.angle-vivant.net\/claireceira\/wp-json\/wp\/v2\/media?parent=864"}],"wp:term":[{"taxonomy":"category","embeddable":true,"href":"https:\/\/www.angle-vivant.net\/claireceira\/wp-json\/wp\/v2\/categories?post=864"},{"taxonomy":"post_tag","embeddable":true,"href":"https:\/\/www.angle-vivant.net\/claireceira\/wp-json\/wp\/v2\/tags?post=864"}],"curies":[{"name":"wp","href":"https:\/\/api.w.org\/{rel}","templated":true}]}}