{"id":741,"date":"2013-06-30T16:51:23","date_gmt":"2013-06-30T16:51:23","guid":{"rendered":"https:\/\/www.angle-vivant.net\/claireceira\/?p=741"},"modified":"2015-10-05T20:34:01","modified_gmt":"2015-10-05T20:34:01","slug":"reve-de-la-prairie-haute","status":"publish","type":"post","link":"https:\/\/www.angle-vivant.net\/claireceira\/reve-de-la-prairie-haute\/","title":{"rendered":"r\u00eave de la prairie haute"},"content":{"rendered":"<p>Je suis interne dans un service hospitalier, c\u2019est un h\u00f4pital comme autrefois, il y a des salles communes et je circule entre les lits. Les gens (ou les enfants ?\u2026\u2026.je crois voir un ours en peluche) sont tranquilles, j\u2019ai ma blouse et mon st\u00e9tho, je fais mon boulot.<br \/>\nPuis je rentre chez moi, je suis fatigu\u00e9e, alors je vais dormir. Quand je me r\u00e9veille, pensant qu\u2019il est 14 h, en fait il est plus de 16h15 \u2026\u2026je dois retourner \u00e0 l\u2019h\u00f4pital, car je n\u2019ai pas vu les familles. Depuis que je suis interne dans ce service je n\u2019ai jamais vu les familles et pourtant c\u2019est ce qui doit \u00eatre fait. Il y a aussi une contre-visite peut-\u00eatre ? Je prends une douche, m\u2019enveloppe dans mon grand peignoir gris. En sortant de la cabine de douche je me rends compte qu\u2019il y a beaucoup de monde dans la maison. Il y a en particulier \u00e0 c\u00f4t\u00e9 de moi un homme, avec son visage mince et ses yeux clairs \u2013 on est amis, il me sourit \u2013 je pars. Une femme est l\u00e0, elle me propose de partir avec elle dans sa voiture, on grimpe ensemble sur une grande butte de terre glaise nue et glissante, beige, et elle perd l\u2019\u00e9quilibre, je la rattrape sous le bras, son bras maigre et nu \u00e0 l\u2019aisselle profonde.<br \/>\nElle me dit alors qu\u2019elle doit passer chez le boulanger ; je lui r\u00e9ponds un peu agac\u00e9e que je vais prendre ma voiture, car on ne va pas au m\u00eame endroit et que je suis en retard. Le sentier devant moi fait une fourche, je prends celle de droite pour rejoindre l\u2019endroit o\u00f9 m\u2019a voiture est gar\u00e9e. Il y a des gravillons.<\/p>\n<p>J\u2019arrive \u00e0 l\u2019h\u00f4pital, dans le service o\u00f9 r\u00e8gne d\u00e9j\u00e0 la p\u00e9nombre. Je vais voir les familles, les gens m\u2019attendent.<br \/>\nA l\u2019int\u00e9rieur du r\u00eave je m\u2019interroge\u2026\u2026 je repense \u00e0 la derni\u00e8re fois o\u00f9 j\u2019ai vu cet homme, cet ami : l\u2019ai-je vraiment vu ou \u00e9tait-ce aussi un r\u00eave ? Cet apr\u00e8s-midi pass\u00e9 \u00e0 marcher dans une grande prairie \u00e0 l\u2019herbe haute, d\u00e9j\u00e0 un peu s\u00e8che par endroits, avec des sentiers presque invisibles, parall\u00e8les mais \u00e9loign\u00e9s de plusieurs m\u00e8tres, o\u00f9 on avance enfonc\u00e9s jusqu\u2019\u00e0 la taille. On n\u2019est pas dans le m\u00eame sentier mais on se parle en riant par dessus l\u2019\u00e9tendue d\u2019herbe baign\u00e9e de lumi\u00e8re\u2026\u2026juste la joie du rire et d\u2019une complicit\u00e9.<\/p>\n","protected":false},"excerpt":{"rendered":"<p>Je suis interne dans un service hospitalier, c\u2019est un h\u00f4pital comme autrefois, il y a des salles communes et je circule entre les lits. Les gens (ou les enfants ?\u2026\u2026.je crois voir un ours en peluche) sont tranquilles, j\u2019ai ma (&hellip;)<\/p>\n<p><a href=\"https:\/\/www.angle-vivant.net\/claireceira\/reve-de-la-prairie-haute\/\">Read the rest of this entry &raquo;<\/a><\/p>\n","protected":false},"author":1,"featured_media":0,"comment_status":"open","ping_status":"closed","sticky":false,"template":"","format":"standard","meta":{"footnotes":""},"categories":[16],"tags":[],"class_list":["post-741","post","type-post","status-publish","format-standard","hentry","category-reves"],"_links":{"self":[{"href":"https:\/\/www.angle-vivant.net\/claireceira\/wp-json\/wp\/v2\/posts\/741","targetHints":{"allow":["GET"]}}],"collection":[{"href":"https:\/\/www.angle-vivant.net\/claireceira\/wp-json\/wp\/v2\/posts"}],"about":[{"href":"https:\/\/www.angle-vivant.net\/claireceira\/wp-json\/wp\/v2\/types\/post"}],"author":[{"embeddable":true,"href":"https:\/\/www.angle-vivant.net\/claireceira\/wp-json\/wp\/v2\/users\/1"}],"replies":[{"embeddable":true,"href":"https:\/\/www.angle-vivant.net\/claireceira\/wp-json\/wp\/v2\/comments?post=741"}],"version-history":[{"count":1,"href":"https:\/\/www.angle-vivant.net\/claireceira\/wp-json\/wp\/v2\/posts\/741\/revisions"}],"predecessor-version":[{"id":1741,"href":"https:\/\/www.angle-vivant.net\/claireceira\/wp-json\/wp\/v2\/posts\/741\/revisions\/1741"}],"wp:attachment":[{"href":"https:\/\/www.angle-vivant.net\/claireceira\/wp-json\/wp\/v2\/media?parent=741"}],"wp:term":[{"taxonomy":"category","embeddable":true,"href":"https:\/\/www.angle-vivant.net\/claireceira\/wp-json\/wp\/v2\/categories?post=741"},{"taxonomy":"post_tag","embeddable":true,"href":"https:\/\/www.angle-vivant.net\/claireceira\/wp-json\/wp\/v2\/tags?post=741"}],"curies":[{"name":"wp","href":"https:\/\/api.w.org\/{rel}","templated":true}]}}