{"id":718,"date":"2013-06-25T15:34:36","date_gmt":"2013-06-25T15:34:36","guid":{"rendered":"https:\/\/www.angle-vivant.net\/claireceira\/?p=718"},"modified":"2013-06-25T15:34:36","modified_gmt":"2013-06-25T15:34:36","slug":"reve-du-jeune-homme-accidente","status":"publish","type":"post","link":"https:\/\/www.angle-vivant.net\/claireceira\/reve-du-jeune-homme-accidente\/","title":{"rendered":"r\u00eave du jeune homme accident\u00e9"},"content":{"rendered":"<p>Impression d\u2019un tr\u00e8s long r\u00eave, mais d\u00e9coup\u00e9, cahoteux.<\/p>\n<p> Le personnage principal est un jeune homme, tr\u00e8s mince et fragile d\u2019aspect. C\u2019est un artiste de  talent. Il vient d\u2019avoir un grave accident, son corps est comme repli\u00e9, enchev\u00eatr\u00e9 de d\u00e9bris du v\u00e9hicule qu\u2019il utilisait (un v\u00e9lo ?). Il agonise dans un immeuble pauvre, entour\u00e9 de gens que sa pr\u00e9sence encombre. Je propose qu\u2019il vienne chez moi, il me semble que je pourrais au moins aider \u00e0 une fin moins douloureuse. Dans la m\u00eame famille vit ma ni\u00e8ce (par alliance), c\u2019est une jeune fille, et elle non plus n\u2019a pas d&rsquo;endroit o\u00f9 s\u2019installer dans cet appartement vieillot, crasseux. Je propose de l\u2019accueillir elle aussi, il y a plus de place chez moi. Mais sa m\u00e8re m\u2019agresse : \u00ab\u00a0tu sais, je vois bien pourquoi tu l\u2019invites : ta fille est en terminale S et la mienne est brillante en maths, tu comptes bien avoir une aide gratuite\u00a0\u00bb. Je suis offusqu\u00e9e  d&rsquo;une telle bassesse, je renonce aussit\u00f4t \u00e0 inviter la jeune fille, dont les cheveux d\u2019un blond-roux profond sont \u00e9tendus sur ses \u00e9paules, tandis qu\u2019elle travaille \u00e0 sa table de cuisine, sous une lumi\u00e8re faible.<\/p>\n<p>Le jeune homme longiligne est transport\u00e9 chez moi, un lieu gu\u00e8re plus confortable, m\u00eame immeuble, m\u00eame ambiance de lumi\u00e8re gris\u00e2tre, m\u00eames papiers peints pisseux. Dans la chambre o\u00f9 on l\u2019installe, il y a un lit, une table de nuit. Je m\u2019approche de lui et commence tr\u00e8s doucement \u00e0 tenter de d\u00e9m\u00ealer l\u2019amas que forment ses membres et les bouts de m\u00e9tal.  Je d\u00e9plie, peu \u00e0 peu, et oins d\u2019un liquide apaisant ses longs bras, son dos, ses jambes. Je me rends compte qu\u2019il est tr\u00e8s souple et que c\u2019est assez facile, indolore. Peu \u00e0 peu il se d\u00e9plie presque compl\u00e8tement. A ma surprise, il se l\u00e8ve et commence lentement \u00e0 d\u00e9ambuler sur le palier, ploy\u00e9 en avant. Il est bien vivant, il n\u2019est pas en  danger, il va aller mieux.<\/p>\n<p>Je suis tr\u00e8s satisfaite, fi\u00e8re de mes soins. Je vais regarder sur internet (Wikip\u00e9dia) ce qui le concerne, c\u2019est effectivement une sorte de g\u00e9nie, mais je vois soudain avec stup\u00e9faction qu\u2019il est mort en 1980. Tout ce que j\u2019ai v\u00e9cu ces derniers temps, ce sauvetage, n\u2019est qu\u2019une illusion. Il est mort depuis plus de 30 ans, je ne l\u2019ai jamais cotoy\u00e9.<\/p>\n<p>f\u00e9vrier 2013<\/p>\n","protected":false},"excerpt":{"rendered":"<p>Impression d\u2019un tr\u00e8s long r\u00eave, mais d\u00e9coup\u00e9, cahoteux. Le personnage principal est un jeune homme, tr\u00e8s mince et fragile d\u2019aspect. C\u2019est un artiste de talent. Il vient d\u2019avoir un grave accident, son corps est comme repli\u00e9, enchev\u00eatr\u00e9 de d\u00e9bris du (&hellip;)<\/p>\n<p><a href=\"https:\/\/www.angle-vivant.net\/claireceira\/reve-du-jeune-homme-accidente\/\">Read the rest of this entry &raquo;<\/a><\/p>\n","protected":false},"author":1,"featured_media":0,"comment_status":"open","ping_status":"closed","sticky":false,"template":"","format":"standard","meta":{"footnotes":""},"categories":[16],"tags":[],"class_list":["post-718","post","type-post","status-publish","format-standard","hentry","category-reves"],"_links":{"self":[{"href":"https:\/\/www.angle-vivant.net\/claireceira\/wp-json\/wp\/v2\/posts\/718","targetHints":{"allow":["GET"]}}],"collection":[{"href":"https:\/\/www.angle-vivant.net\/claireceira\/wp-json\/wp\/v2\/posts"}],"about":[{"href":"https:\/\/www.angle-vivant.net\/claireceira\/wp-json\/wp\/v2\/types\/post"}],"author":[{"embeddable":true,"href":"https:\/\/www.angle-vivant.net\/claireceira\/wp-json\/wp\/v2\/users\/1"}],"replies":[{"embeddable":true,"href":"https:\/\/www.angle-vivant.net\/claireceira\/wp-json\/wp\/v2\/comments?post=718"}],"version-history":[{"count":0,"href":"https:\/\/www.angle-vivant.net\/claireceira\/wp-json\/wp\/v2\/posts\/718\/revisions"}],"wp:attachment":[{"href":"https:\/\/www.angle-vivant.net\/claireceira\/wp-json\/wp\/v2\/media?parent=718"}],"wp:term":[{"taxonomy":"category","embeddable":true,"href":"https:\/\/www.angle-vivant.net\/claireceira\/wp-json\/wp\/v2\/categories?post=718"},{"taxonomy":"post_tag","embeddable":true,"href":"https:\/\/www.angle-vivant.net\/claireceira\/wp-json\/wp\/v2\/tags?post=718"}],"curies":[{"name":"wp","href":"https:\/\/api.w.org\/{rel}","templated":true}]}}