{"id":716,"date":"2013-06-25T15:29:42","date_gmt":"2013-06-25T15:29:42","guid":{"rendered":"https:\/\/www.angle-vivant.net\/claireceira\/?p=716"},"modified":"2013-06-25T15:29:42","modified_gmt":"2013-06-25T15:29:42","slug":"reve-de-lassemblee-du-deuil","status":"publish","type":"post","link":"https:\/\/www.angle-vivant.net\/claireceira\/reve-de-lassemblee-du-deuil\/","title":{"rendered":"r\u00eave de l&rsquo;assembl\u00e9e du deuil"},"content":{"rendered":"<p>Tout se passe dans une grande et ancienne maison, un peu \u00e0 l\u2019abandon, \u00e0 la campagne. Dans une partie de la maison dorment les adultes, les enfants sont log\u00e9s ailleurs (une autre aile ? un autre b\u00e2timent ?). Les chambres sont dispos\u00e9es autour de couloirs compliqu\u00e9s, peu \u00e9clair\u00e9s, dont les rev\u00eatements semblent tr\u00e8s vieux, fan\u00e9s. Il y a des parties de la maison \u00e0 moiti\u00e9 d\u00e9truites. Par exemple dans une salle, le plancher s\u2019interrompt \u00e0 deux m\u00e8tres du mur oppos\u00e9 et donne sur le vide. J\u2019ai remarqu\u00e9 combien cet endroit serait dangereux si on arrivait avec trop d\u2019\u00e9lan. D&rsquo;autres pi\u00e8ces sont remplies d&rsquo;objets du pass\u00e9, oubli\u00e9s, touchants.<br \/>\nDans une salle, au sol de terre battue, on voit des d\u00e9bris h\u00e9t\u00e9roclites, parmi lesquels la partie sup\u00e9rieure d\u2019un cr\u00e2ne de vache, retourn\u00e9, tr\u00e8s us\u00e9, et poudr\u00e9 d\u2019une poussi\u00e8re noire qui en souligne les reliefs &#8211; on devine le palais, quelques dents.<br \/>\nMais dans les grandes pi\u00e8ces du bas, des tables sont dress\u00e9es, on va d\u00eener. A la table o\u00f9 je m\u2019assieds, avec mon mari \u00e0 ma droite, la place de gauche est vide. Je vois au loin ma grand-m\u00e8re qu\u2019on entoure, \u00e0 qui on propose de venir me rejoindre. Je n\u2019en ai pas tr\u00e8s envie mais je ne le montre pas, elle s\u2019assied donc.<br \/>\nPuis le r\u00eave fait un saut. C\u2019est la fin du repas, une partie des convives est d\u00e9j\u00e0 partie, dont ma grand-m\u00e8re, et je me retrouve \u00e0 c\u00f4t\u00e9 de deux jeunes hommes dont la compagnie me pla\u00eet. Je suis m\u00eame \u00e0 moiti\u00e9 appuy\u00e9e sur mon voisin de gauche, j\u2019ai un comportement plut\u00f4t impoli : je me rends compte que j\u2019ai mang\u00e9 \u00e0 m\u00eame le plat, plongeant ma cuill\u00e8re dans la sauce jaune et cr\u00e9meuse, j\u2019ai tach\u00e9 la table, et maintenant je mange avec ses couverts \u00e0 lui. Je me demande ce qu\u2019il pense, je vois du coin de l\u2019oeil que j\u2019ai tach\u00e9 aussi sa chemise (mais les taches sont bleues). Je suis un peu embarrass\u00e9e mais trop anim\u00e9e (ou ivre ?) pour le montrer.<br \/>\nEn fait nous sommes r\u00e9unis \u00e0 l\u2019occasion d\u2019un deuil, celui de mon ami X. qui vient de mourir. Je vois sa femme, M., ses enfants adultes. Elle est dans le d\u00e9sespoir, elle se pr\u00e9cipite dans la pi\u00e8ce dangereuse, elle voudrait se jeter dans le vide. Je la retiens par un bras, essaie de la raisonner. Elle se laisse convaincre. Elle para\u00eet tr\u00e8s fragile, et tout le temps o\u00f9 je la retenais je regardais l&rsquo;int\u00e9rieur de l&rsquo;articulation de son coude tendu, son bras fin et bronz\u00e9.<br \/>\nPuis c\u2019est la nuit, une femme vient dans ma chambre en chuchotant, elle veut me montrer quelque chose. Nous suivons les couloirs sombres et abandonn\u00e9s. C\u2019est un vrai labyrinthe, je me demande comment elle se rep\u00e8re. Elle m\u2019am\u00e8ne dans une s\u00e9rie de chambres dont le sol est jonch\u00e9 de tr\u00e8s gros objets bris\u00e9s. On dirait qu\u2019un \u00eatre d\u2019une force extr\u00eame a donn\u00e9 libre cours \u00e0 sa col\u00e8re. On sent le danger qui plane, je m\u2019inqui\u00e8te pour les enfants.<br \/>\nLe lendemain est le jour o\u00f9 nous devons nous s\u00e9parer. Je vois passer dans un couloir, au milieu des gens, un homme qui porte dans ses bras M., je me dis qu\u2019on dirait une petite fille. Elle est en vie mais va tr\u00e8s mal.<br \/>\nQuelqu\u2019un nous rassemble dans les salles du bas. Peut-\u00eatre il faudrait dire quelques mots, me glisse une personne proche de moi. Je lui r\u00e9ponds \u00ab tr\u00e8s peu pour moi \u00bb, mais elle insiste : il faut quand m\u00eame remercier ces gens qui nous ont si bien accueillis. J\u2019en conviens, commence \u00e0 me creuser la t\u00eate.<\/p>\n<p>24 06 13<\/p>\n","protected":false},"excerpt":{"rendered":"<p>Tout se passe dans une grande et ancienne maison, un peu \u00e0 l\u2019abandon, \u00e0 la campagne. Dans une partie de la maison dorment les adultes, les enfants sont log\u00e9s ailleurs (une autre aile ? un autre b\u00e2timent ?). Les chambres (&hellip;)<\/p>\n<p><a href=\"https:\/\/www.angle-vivant.net\/claireceira\/reve-de-lassemblee-du-deuil\/\">Read the rest of this entry &raquo;<\/a><\/p>\n","protected":false},"author":1,"featured_media":0,"comment_status":"open","ping_status":"closed","sticky":false,"template":"","format":"standard","meta":{"footnotes":""},"categories":[16],"tags":[],"class_list":["post-716","post","type-post","status-publish","format-standard","hentry","category-reves"],"_links":{"self":[{"href":"https:\/\/www.angle-vivant.net\/claireceira\/wp-json\/wp\/v2\/posts\/716","targetHints":{"allow":["GET"]}}],"collection":[{"href":"https:\/\/www.angle-vivant.net\/claireceira\/wp-json\/wp\/v2\/posts"}],"about":[{"href":"https:\/\/www.angle-vivant.net\/claireceira\/wp-json\/wp\/v2\/types\/post"}],"author":[{"embeddable":true,"href":"https:\/\/www.angle-vivant.net\/claireceira\/wp-json\/wp\/v2\/users\/1"}],"replies":[{"embeddable":true,"href":"https:\/\/www.angle-vivant.net\/claireceira\/wp-json\/wp\/v2\/comments?post=716"}],"version-history":[{"count":0,"href":"https:\/\/www.angle-vivant.net\/claireceira\/wp-json\/wp\/v2\/posts\/716\/revisions"}],"wp:attachment":[{"href":"https:\/\/www.angle-vivant.net\/claireceira\/wp-json\/wp\/v2\/media?parent=716"}],"wp:term":[{"taxonomy":"category","embeddable":true,"href":"https:\/\/www.angle-vivant.net\/claireceira\/wp-json\/wp\/v2\/categories?post=716"},{"taxonomy":"post_tag","embeddable":true,"href":"https:\/\/www.angle-vivant.net\/claireceira\/wp-json\/wp\/v2\/tags?post=716"}],"curies":[{"name":"wp","href":"https:\/\/api.w.org\/{rel}","templated":true}]}}