{"id":707,"date":"2013-06-18T16:01:57","date_gmt":"2013-06-18T16:01:57","guid":{"rendered":"https:\/\/www.angle-vivant.net\/claireceira\/?p=707"},"modified":"2013-06-18T16:04:47","modified_gmt":"2013-06-18T16:04:47","slug":"reve-du-rayon-rouge-et-de-la-rencontre-de-ma-mere","status":"publish","type":"post","link":"https:\/\/www.angle-vivant.net\/claireceira\/reve-du-rayon-rouge-et-de-la-rencontre-de-ma-mere\/","title":{"rendered":"r\u00eave du rayon rouge (et de la rencontre de ma m\u00e8re)"},"content":{"rendered":"<p> C\u2019est une grande ville du futur, compos\u00e9e d\u2019immenses b\u00e2timents imbriqu\u00e9s, noirs ou gris. La vie se d\u00e9roule sur d\u2019innombrables niveaux, le sol n\u2019est plus qu\u2019une abstraction. Tout est perpendiculaire, vertical, grillag\u00e9, artificiel. Au-dessus c\u2019est comme dans une voli\u00e8re, le ciel semble voil\u00e9 par un tr\u00e8s fin grillage, on ne peut pas sentir le temps qu\u2019il fait, ni savoir l\u2019heure du jour. Il y a des lumi\u00e8res. La ville elle-m\u00eame \u00e9voque la semi transparence d\u2019une voli\u00e8re, et un d\u00e9dale sur trois dimensions. Dans ce lieu qui a une aust\u00e8re et redoutable beaut\u00e9, je me d\u00e9place facilement, je suis en terrain connu. Mais un grand danger est pr\u00e9sent, mena\u00e7ant, une sorte de rayon laser rouge, assez semblable \u00e0 celui de certaines alarmes, transperce l\u2019espace, se mat\u00e9rialise sur la paroi des immeubles, est par endroits comme filtr\u00e9, att\u00e9nu\u00e9 par les passages \u00e0 travers des verri\u00e8res. Ce rayon unique qui r\u00e8gne sans que personne ne puisse s\u2019y opposer ou s\u2019en prot\u00e9ger, est  un esprit malfaisant, qui tue. Je le combats et il le sait, il me cherche.<br \/>\n Tout le r\u00eave est occup\u00e9 par cette sorte de cache-cache entre moi et lui. Je ne suis vraiment en s\u00e9curit\u00e9 nulle part, je cherche \u00e0 atteindre l\u2019origine du rayon, qui troue une fa\u00e7ade comme un oeil br\u00fblant. A moment donn\u00e9 je suis vraiment descendue tout en bas, et je marche dans une rue encaiss\u00e9e, pav\u00e9e, o\u00f9 je gare avec difficult\u00e9 une camionnette. Je vois ma m\u00e8re venir \u00e0 ma rencontre, petite femme tranquille et pragmatique, comme je l\u2019ai connue chaque fois que j\u2019ai eu besoin d\u2019elle. Elle ne s\u2019\u00e9meut pas plus que \u00e7a de la situation qu\u2019elle comprend bien, on discute ensemble de ce qu\u2019il faut faire.<br \/>\n Depuis quelques temps le rayon semble avoir perdu de son intensit\u00e9, il para\u00eet plus discontinu, plus h\u00e9sitant, plus rare.<br \/>\n Et puis \u00e0 la fin du r\u00eave je vois qu\u2019il a disparu. Je m\u2019informe : est-ce vraiment fini ?  Et, oui, il a \u00e9t\u00e9 d\u00e9truit, ou bien il s\u2019est \u00e9teint tout seul, comme s\u2019il avait suffi de lui \u00e9chapper assez longtemps pour que son pouvoir s\u2019annihile.<br \/>\n Il n\u2019y a plus rien \u00e0 craindre, on peut se promener librement.<\/p>\n","protected":false},"excerpt":{"rendered":"<p>C\u2019est une grande ville du futur, compos\u00e9e d\u2019immenses b\u00e2timents imbriqu\u00e9s, noirs ou gris. La vie se d\u00e9roule sur d\u2019innombrables niveaux, le sol n\u2019est plus qu\u2019une abstraction. Tout est perpendiculaire, vertical, grillag\u00e9, artificiel. Au-dessus c\u2019est comme dans une voli\u00e8re, le ciel (&hellip;)<\/p>\n<p><a href=\"https:\/\/www.angle-vivant.net\/claireceira\/reve-du-rayon-rouge-et-de-la-rencontre-de-ma-mere\/\">Read the rest of this entry &raquo;<\/a><\/p>\n","protected":false},"author":1,"featured_media":0,"comment_status":"open","ping_status":"closed","sticky":false,"template":"","format":"standard","meta":{"footnotes":""},"categories":[16],"tags":[],"class_list":["post-707","post","type-post","status-publish","format-standard","hentry","category-reves"],"_links":{"self":[{"href":"https:\/\/www.angle-vivant.net\/claireceira\/wp-json\/wp\/v2\/posts\/707","targetHints":{"allow":["GET"]}}],"collection":[{"href":"https:\/\/www.angle-vivant.net\/claireceira\/wp-json\/wp\/v2\/posts"}],"about":[{"href":"https:\/\/www.angle-vivant.net\/claireceira\/wp-json\/wp\/v2\/types\/post"}],"author":[{"embeddable":true,"href":"https:\/\/www.angle-vivant.net\/claireceira\/wp-json\/wp\/v2\/users\/1"}],"replies":[{"embeddable":true,"href":"https:\/\/www.angle-vivant.net\/claireceira\/wp-json\/wp\/v2\/comments?post=707"}],"version-history":[{"count":3,"href":"https:\/\/www.angle-vivant.net\/claireceira\/wp-json\/wp\/v2\/posts\/707\/revisions"}],"predecessor-version":[{"id":709,"href":"https:\/\/www.angle-vivant.net\/claireceira\/wp-json\/wp\/v2\/posts\/707\/revisions\/709"}],"wp:attachment":[{"href":"https:\/\/www.angle-vivant.net\/claireceira\/wp-json\/wp\/v2\/media?parent=707"}],"wp:term":[{"taxonomy":"category","embeddable":true,"href":"https:\/\/www.angle-vivant.net\/claireceira\/wp-json\/wp\/v2\/categories?post=707"},{"taxonomy":"post_tag","embeddable":true,"href":"https:\/\/www.angle-vivant.net\/claireceira\/wp-json\/wp\/v2\/tags?post=707"}],"curies":[{"name":"wp","href":"https:\/\/api.w.org\/{rel}","templated":true}]}}