{"id":692,"date":"2013-06-04T16:40:34","date_gmt":"2013-06-04T16:40:34","guid":{"rendered":"https:\/\/www.angle-vivant.net\/claireceira\/?p=692"},"modified":"2013-06-04T16:40:34","modified_gmt":"2013-06-04T16:40:34","slug":"reve-du-maitre","status":"publish","type":"post","link":"https:\/\/www.angle-vivant.net\/claireceira\/reve-du-maitre\/","title":{"rendered":"r\u00eave du ma\u00eetre"},"content":{"rendered":"<p> C\u2019est un pays que je parcours dans une atmosph\u00e8re cr\u00e9pusculaire, de d\u00e9route, de d\u00e9sordre. Beaucoup de gens vont et viennent, tr\u00e8s loin de chez eux, en masses.<br \/>\n Je voyage avec plusieurs personnes inconnues, dont l\u2019une est une femme gravement malade, mourante, qui survit immerg\u00e9e dans une sorte de cuve rectangulaire. Deux petites machines en forme de lampes l\u2019approvisionnent alternativement en oxyg\u00e8ne. Sa mort n\u2019est qu\u2019une question de temps, elle est inconsciente, et pourtant nous l\u2019emmenons partout avec nous, tentons de la maintenir en vie. Il y a deux de ses enfants, adultes.<br \/>\n Un matin en me r\u00e9veillant je me rends compte qu\u2019une des machines manque, celle qui \u00e9tait en fonction. Je me h\u00e2te de faire ce qu\u2019il faut, il est tout juste temps. Qui a pris la machine, un des enfants ?<br \/>\n Nous continuons notre chemin, et nous arrivons \u00e0 l\u2019endroit o\u00f9 vit un \u00ab ma\u00eetre \u00bb, une sorte d\u2018anachor\u00e8te, dans une caverne tr\u00e8s large et basse, sombre. Une foule se presse autour de lui, un peu servile. Il a la r\u00e9putation d\u2019\u00eatre impr\u00e9visible, lointain. Tous d\u00e9filent  devant une longue table de bois install\u00e9e sur un c\u00f4t\u00e9 la pi\u00e8ce, derri\u00e8re laquelle il se tient, va et vient. On devine derri\u00e8re lui des tableaux et des choses qu\u2019il a cr\u00e9\u00e9es. Je suis accompagn\u00e9e de ma soeur, je m\u2019approche avec elle de la table, il me regarde et prend un \u00e9trange objet, dont de nombreux exemplaires sont pos\u00e9s ici et l\u00e0, objets bricol\u00e9s, en attente. Il me le tend : c\u2019est une sorte de longue lamelle de bois brun qu\u2019il replie, surmont\u00e9e d\u2019un cristal vertical, un peu trouble. \u00ab Voyons si vous pouvez peindre des fum\u00e9es \u00bb me dit-il. Le pinceau qu\u2019il m\u2019a donn\u00e9 est tr\u00e8s fin mais ce que je peins, sur le cristal, me semble grossier alors je l\u2019estompe avec beaucoup de soin.<br \/>\n Le r\u00e9sultat lui pla\u00eet, soudain il d\u00e9cide de quitter la grotte, m\u2019emmenant avec lui. En me rendant l\u2019objet que je viens de peindre il a accroch\u00e9 mes doigts et les garde m\u00eal\u00e9s aux siens, nous marchons ainsi c\u00f4te \u00e0 c\u00f4te en silence sur un chemin, \u00e0 c\u00f4t\u00e9 d\u2019une muraille \u00e0 peine visible dans le soir. \u00ab Je l\u00e2che les gens parfois, vous savez \u00bb me dit-il au bout d\u2019un moment. Je lui r\u00e9ponds que je le sais. <\/p>\n","protected":false},"excerpt":{"rendered":"<p>C\u2019est un pays que je parcours dans une atmosph\u00e8re cr\u00e9pusculaire, de d\u00e9route, de d\u00e9sordre. Beaucoup de gens vont et viennent, tr\u00e8s loin de chez eux, en masses. Je voyage avec plusieurs personnes inconnues, dont l\u2019une est une femme gravement malade, (&hellip;)<\/p>\n<p><a href=\"https:\/\/www.angle-vivant.net\/claireceira\/reve-du-maitre\/\">Read the rest of this entry &raquo;<\/a><\/p>\n","protected":false},"author":1,"featured_media":0,"comment_status":"open","ping_status":"closed","sticky":false,"template":"","format":"standard","meta":{"footnotes":""},"categories":[16],"tags":[],"class_list":["post-692","post","type-post","status-publish","format-standard","hentry","category-reves"],"_links":{"self":[{"href":"https:\/\/www.angle-vivant.net\/claireceira\/wp-json\/wp\/v2\/posts\/692","targetHints":{"allow":["GET"]}}],"collection":[{"href":"https:\/\/www.angle-vivant.net\/claireceira\/wp-json\/wp\/v2\/posts"}],"about":[{"href":"https:\/\/www.angle-vivant.net\/claireceira\/wp-json\/wp\/v2\/types\/post"}],"author":[{"embeddable":true,"href":"https:\/\/www.angle-vivant.net\/claireceira\/wp-json\/wp\/v2\/users\/1"}],"replies":[{"embeddable":true,"href":"https:\/\/www.angle-vivant.net\/claireceira\/wp-json\/wp\/v2\/comments?post=692"}],"version-history":[{"count":1,"href":"https:\/\/www.angle-vivant.net\/claireceira\/wp-json\/wp\/v2\/posts\/692\/revisions"}],"predecessor-version":[{"id":693,"href":"https:\/\/www.angle-vivant.net\/claireceira\/wp-json\/wp\/v2\/posts\/692\/revisions\/693"}],"wp:attachment":[{"href":"https:\/\/www.angle-vivant.net\/claireceira\/wp-json\/wp\/v2\/media?parent=692"}],"wp:term":[{"taxonomy":"category","embeddable":true,"href":"https:\/\/www.angle-vivant.net\/claireceira\/wp-json\/wp\/v2\/categories?post=692"},{"taxonomy":"post_tag","embeddable":true,"href":"https:\/\/www.angle-vivant.net\/claireceira\/wp-json\/wp\/v2\/tags?post=692"}],"curies":[{"name":"wp","href":"https:\/\/api.w.org\/{rel}","templated":true}]}}