{"id":689,"date":"2013-05-23T18:38:45","date_gmt":"2013-05-23T18:38:45","guid":{"rendered":"https:\/\/www.angle-vivant.net\/claireceira\/?p=689"},"modified":"2016-09-17T13:11:12","modified_gmt":"2016-09-17T13:11:12","slug":"dardenne","status":"publish","type":"post","link":"https:\/\/www.angle-vivant.net\/claireceira\/dardenne\/","title":{"rendered":"Dardenne"},"content":{"rendered":"<p>ce sont deux fr\u00e8res, ils parlent de Ca\u00efn et Abel.<br \/>\nils parlent de la perception soudaine de la culpabilit\u00e9, de la responsabilit\u00e9, qui rend vivant.<br \/>\nje vois leurs visages sans aucun appr\u00eat, anim\u00e9s par ce qu&rsquo;ils disent, \u00e0 propos de corps qu&rsquo;on suit, de la juste distance qui doit \u00eatre un peu trop proche, du froid qui donne quelque chose de perceptible, de vivant dans le corps, des adolescentes pauvres qui sont  habill\u00e9es trop court, de v\u00eatements trop minces, et dont on per\u00e7oit en les regardant, sans le penser, qu&rsquo;elles ont froid.<br \/>\nde la n\u00e9cessit\u00e9 que l&rsquo;actrice ait vraiment froid pour que le film soit juste.<br \/>\nde la n\u00e9cessit\u00e9 que le spectateur voie au m\u00eame moment, au fur et \u00e0 mesure, \u00e0 la fois le personnage et ce qu&rsquo;il d\u00e9couvre en allant.<br \/>\ndes portes, des obstacles qui se ferment et s&rsquo;opposent \u00e0 cette filature.<br \/>\ndu refus de \u00a0\u00bb composer une image\u00a0\u00bb. <\/p>\n<p>beaut\u00e9 de la similitude et de la diff\u00e9rence de leurs deux visages, d&rsquo;\u00e2ges proches et de parents communs.<br \/>\nmais surtout de cette proximit\u00e9 dans le travail et du sens per\u00e7u, qui leur donne une vie si passionn\u00e9e, d\u00e9nu\u00e9e de toute pose, et m\u00eame traquant toute pose et toute tricherie, comme deux chasseurs affam\u00e9s et m\u00e9thodiques.<br \/>\nles d\u00e9cors (semblables \u00e0 ce que j&rsquo;ai c\u00f4toy\u00e9 aujourd&rsquo;hui : d&rsquo;un c\u00f4t\u00e9 des carcasses d&rsquo;engins tordues, empil\u00e9es au bord de la voie ferr\u00e9e, de l&rsquo;autre un large foss\u00e9 que bordent des peupliers, si rares par ici, avec la mention \u00ab\u00a0zone inondable\u00a0\u00bb) mais dans le nord, l\u00e0 o\u00f9 le froid est souvent pr\u00e9sent, et la lumi\u00e8re rare, ce nord dont je garde une nostalgie, \u00e0 cause de son refus de jouer du charme, \u00e0 cause de sa rude et droite r\u00e9alit\u00e9.<\/p>\n","protected":false},"excerpt":{"rendered":"<p>ce sont deux fr\u00e8res, ils parlent de Ca\u00efn et Abel. ils parlent de la perception soudaine de la culpabilit\u00e9, de la responsabilit\u00e9, qui rend vivant. je vois leurs visages sans aucun appr\u00eat, anim\u00e9s par ce qu&rsquo;ils disent, \u00e0 propos de (&hellip;)<\/p>\n<p><a href=\"https:\/\/www.angle-vivant.net\/claireceira\/dardenne\/\">Read the rest of this entry &raquo;<\/a><\/p>\n","protected":false},"author":1,"featured_media":0,"comment_status":"open","ping_status":"closed","sticky":false,"template":"","format":"standard","meta":{"footnotes":""},"categories":[23],"tags":[],"class_list":["post-689","post","type-post","status-publish","format-standard","hentry","category-etre-seul-etre-ensemble"],"_links":{"self":[{"href":"https:\/\/www.angle-vivant.net\/claireceira\/wp-json\/wp\/v2\/posts\/689","targetHints":{"allow":["GET"]}}],"collection":[{"href":"https:\/\/www.angle-vivant.net\/claireceira\/wp-json\/wp\/v2\/posts"}],"about":[{"href":"https:\/\/www.angle-vivant.net\/claireceira\/wp-json\/wp\/v2\/types\/post"}],"author":[{"embeddable":true,"href":"https:\/\/www.angle-vivant.net\/claireceira\/wp-json\/wp\/v2\/users\/1"}],"replies":[{"embeddable":true,"href":"https:\/\/www.angle-vivant.net\/claireceira\/wp-json\/wp\/v2\/comments?post=689"}],"version-history":[{"count":2,"href":"https:\/\/www.angle-vivant.net\/claireceira\/wp-json\/wp\/v2\/posts\/689\/revisions"}],"predecessor-version":[{"id":2277,"href":"https:\/\/www.angle-vivant.net\/claireceira\/wp-json\/wp\/v2\/posts\/689\/revisions\/2277"}],"wp:attachment":[{"href":"https:\/\/www.angle-vivant.net\/claireceira\/wp-json\/wp\/v2\/media?parent=689"}],"wp:term":[{"taxonomy":"category","embeddable":true,"href":"https:\/\/www.angle-vivant.net\/claireceira\/wp-json\/wp\/v2\/categories?post=689"},{"taxonomy":"post_tag","embeddable":true,"href":"https:\/\/www.angle-vivant.net\/claireceira\/wp-json\/wp\/v2\/tags?post=689"}],"curies":[{"name":"wp","href":"https:\/\/api.w.org\/{rel}","templated":true}]}}