{"id":675,"date":"2013-04-21T17:41:04","date_gmt":"2013-04-21T17:41:04","guid":{"rendered":"https:\/\/www.angle-vivant.net\/claireceira\/?p=675"},"modified":"2016-12-06T11:55:22","modified_gmt":"2016-12-06T11:55:22","slug":"un-autoportrait","status":"publish","type":"post","link":"https:\/\/www.angle-vivant.net\/claireceira\/un-autoportrait\/","title":{"rendered":"la toile du ma\u00eetre"},"content":{"rendered":"<p>C&rsquo;est une silhouette de soi-m\u00eame<br \/>\npeinte en gris \u00e0 l&rsquo;avant du tableau<br \/>\net puis &#8211; encore devant &#8211; les spectateurs<br \/>\navec leur fa\u00e7on de se tenir, leurs v\u00eatements<br \/>\nqui passent et passent, quel nombre lent !<br \/>\nc&rsquo;est un monde dans lequel on tombe : un trou, une porte<br \/>\nun tableau accroch\u00e9<br \/>\net le d\u00e9filement des regards.<\/p>\n<p>lui dit :<br \/>\nregardez-moi, regardez comme je regarde<br \/>\ndans la joie d&rsquo;\u00eatre un homme.<br \/>\net parlez de moi<br \/>\nquand je me tais. <\/p>\n<p>un corps de femme nu fait aussi partie du tableau<br \/>\nqui appelle le monde et toutes ses lumi\u00e8res,<br \/>\np\u00e9n\u00e9trant par les yeux<br \/>\n\u00e0 l&rsquo;int\u00e9rieur du sombre soi du corps.<\/p>\n<p>les grands yeux liquides et sph\u00e9riques du monde<br \/>\nconstamment, depuis si longtemps<br \/>\npos\u00e9s sur nous, en silence.<\/p>\n<p>je pense \u00e0 mon p\u00e8re, au bout rouge de sa cigarette dans le noir, quand il racontait l&rsquo;histoire<br \/>\ndu petit lutin<\/p>\n<p><img decoding=\"async\" src=\"http:\/\/arts.college-sainthelier.fr\/wp-content\/gallery\/autoportrait-xxe-siecle\/thumbs\/thumbs_05cpicasso-lombre-29-december-1953-130-x-97-cm-oil-charco.jpg\" alt=\"\" \/><\/p>\n","protected":false},"excerpt":{"rendered":"<p>C&rsquo;est une silhouette de soi-m\u00eame peinte en gris \u00e0 l&rsquo;avant du tableau et puis &#8211; encore devant &#8211; les spectateurs avec leur fa\u00e7on de se tenir, leurs v\u00eatements qui passent et passent, quel nombre lent ! c&rsquo;est un monde dans (&hellip;)<\/p>\n<p><a href=\"https:\/\/www.angle-vivant.net\/claireceira\/un-autoportrait\/\">Read the rest of this entry &raquo;<\/a><\/p>\n","protected":false},"author":1,"featured_media":0,"comment_status":"open","ping_status":"closed","sticky":false,"template":"","format":"standard","meta":{"footnotes":""},"categories":[15],"tags":[],"class_list":["post-675","post","type-post","status-publish","format-standard","hentry","category-reprises"],"_links":{"self":[{"href":"https:\/\/www.angle-vivant.net\/claireceira\/wp-json\/wp\/v2\/posts\/675","targetHints":{"allow":["GET"]}}],"collection":[{"href":"https:\/\/www.angle-vivant.net\/claireceira\/wp-json\/wp\/v2\/posts"}],"about":[{"href":"https:\/\/www.angle-vivant.net\/claireceira\/wp-json\/wp\/v2\/types\/post"}],"author":[{"embeddable":true,"href":"https:\/\/www.angle-vivant.net\/claireceira\/wp-json\/wp\/v2\/users\/1"}],"replies":[{"embeddable":true,"href":"https:\/\/www.angle-vivant.net\/claireceira\/wp-json\/wp\/v2\/comments?post=675"}],"version-history":[{"count":13,"href":"https:\/\/www.angle-vivant.net\/claireceira\/wp-json\/wp\/v2\/posts\/675\/revisions"}],"predecessor-version":[{"id":2500,"href":"https:\/\/www.angle-vivant.net\/claireceira\/wp-json\/wp\/v2\/posts\/675\/revisions\/2500"}],"wp:attachment":[{"href":"https:\/\/www.angle-vivant.net\/claireceira\/wp-json\/wp\/v2\/media?parent=675"}],"wp:term":[{"taxonomy":"category","embeddable":true,"href":"https:\/\/www.angle-vivant.net\/claireceira\/wp-json\/wp\/v2\/categories?post=675"},{"taxonomy":"post_tag","embeddable":true,"href":"https:\/\/www.angle-vivant.net\/claireceira\/wp-json\/wp\/v2\/tags?post=675"}],"curies":[{"name":"wp","href":"https:\/\/api.w.org\/{rel}","templated":true}]}}