{"id":658,"date":"2013-04-16T21:19:41","date_gmt":"2013-04-16T21:19:41","guid":{"rendered":"https:\/\/www.angle-vivant.net\/claireceira\/?p=658"},"modified":"2016-09-05T14:24:09","modified_gmt":"2016-09-05T14:24:09","slug":"journal-reel-mardi","status":"publish","type":"post","link":"https:\/\/www.angle-vivant.net\/claireceira\/journal-reel-mardi\/","title":{"rendered":"Journal r\u00e9el : mardi"},"content":{"rendered":"<p>il y a la place avec ses palmiers malades, dont certains ont \u00e9t\u00e9 coup\u00e9s \u00e0 hauteur de taille et creus\u00e9s en forme de fauteuil, tremp\u00e9s encore des pluies de ce printemps. il y a les filles du caf\u00e9 des Cinq Parties du Monde qui fument dehors et des jeunes hommes aux cheveux courts ou coiff\u00e9s en iroquois. il y a la mer \u00e0 gauche. il y a la descente en ciment vers le parking et l&rsquo;affiche du boxeur, cette t\u00eate d&rsquo;enfant qu&rsquo;ils ont souvent, les arcades sourcili\u00e8res ab\u00eem\u00e9es, les mains band\u00e9es de noir mais non gant\u00e9es, et l&rsquo;arrondi de l&rsquo;\u00e9paule, flou en arri\u00e8re-plan<br \/>\n\u00e0 l&rsquo;int\u00e9rieur, rafra\u00eechissants comme une bu\u00e9e de petit jour, des chants d&rsquo;oiseaux enregistr\u00e9s, en l&rsquo;honneur du mois de la po\u00e9sie. le b\u00e9ton gris, les odeurs de d\u00e9tergent parfum\u00e9s et les rais color\u00e9s sur le sol, les voitures silencieusement rang\u00e9es comme chevaux dormant debout, le mouvement de mes jambes marchant sous la vo\u00fbte basse et mon trousseau de clefs qui fait son bruit. il y a tout ce que je pense, tout le temps, ceux \u00e0 qui je pense, et il y a moi<br \/>\nmoi moi moi<br \/>\nqui cliqu\u00e8te et tinte.<\/p>\n<p><img decoding=\"async\" src=\"http:\/\/farm9.staticflickr.com\/8120\/8656588795_3d0d5e1a3f_m.jpg\" alt=\"\" \/><\/p>\n","protected":false},"excerpt":{"rendered":"<p>il y a la place avec ses palmiers malades, dont certains ont \u00e9t\u00e9 coup\u00e9s \u00e0 hauteur de taille et creus\u00e9s en forme de fauteuil, tremp\u00e9s encore des pluies de ce printemps. il y a les filles du caf\u00e9 des Cinq (&hellip;)<\/p>\n<p><a href=\"https:\/\/www.angle-vivant.net\/claireceira\/journal-reel-mardi\/\">Read the rest of this entry &raquo;<\/a><\/p>\n","protected":false},"author":1,"featured_media":0,"comment_status":"open","ping_status":"closed","sticky":false,"template":"","format":"standard","meta":{"footnotes":""},"categories":[11,22],"tags":[],"class_list":["post-658","post","type-post","status-publish","format-standard","hentry","category-journal-reel","category-la-voie-associative"],"_links":{"self":[{"href":"https:\/\/www.angle-vivant.net\/claireceira\/wp-json\/wp\/v2\/posts\/658","targetHints":{"allow":["GET"]}}],"collection":[{"href":"https:\/\/www.angle-vivant.net\/claireceira\/wp-json\/wp\/v2\/posts"}],"about":[{"href":"https:\/\/www.angle-vivant.net\/claireceira\/wp-json\/wp\/v2\/types\/post"}],"author":[{"embeddable":true,"href":"https:\/\/www.angle-vivant.net\/claireceira\/wp-json\/wp\/v2\/users\/1"}],"replies":[{"embeddable":true,"href":"https:\/\/www.angle-vivant.net\/claireceira\/wp-json\/wp\/v2\/comments?post=658"}],"version-history":[{"count":8,"href":"https:\/\/www.angle-vivant.net\/claireceira\/wp-json\/wp\/v2\/posts\/658\/revisions"}],"predecessor-version":[{"id":2235,"href":"https:\/\/www.angle-vivant.net\/claireceira\/wp-json\/wp\/v2\/posts\/658\/revisions\/2235"}],"wp:attachment":[{"href":"https:\/\/www.angle-vivant.net\/claireceira\/wp-json\/wp\/v2\/media?parent=658"}],"wp:term":[{"taxonomy":"category","embeddable":true,"href":"https:\/\/www.angle-vivant.net\/claireceira\/wp-json\/wp\/v2\/categories?post=658"},{"taxonomy":"post_tag","embeddable":true,"href":"https:\/\/www.angle-vivant.net\/claireceira\/wp-json\/wp\/v2\/tags?post=658"}],"curies":[{"name":"wp","href":"https:\/\/api.w.org\/{rel}","templated":true}]}}