{"id":654,"date":"2013-04-16T20:48:20","date_gmt":"2013-04-16T20:48:20","guid":{"rendered":"https:\/\/www.angle-vivant.net\/claireceira\/?p=654"},"modified":"2018-10-27T16:10:16","modified_gmt":"2018-10-27T16:10:16","slug":"654","status":"publish","type":"post","link":"https:\/\/www.angle-vivant.net\/claireceira\/654\/","title":{"rendered":"somme"},"content":{"rendered":"<p>nos sommeils sont m\u00e9lang\u00e9s et nos nuits se rel\u00e8vent<br \/>\nfemmes inconnues du sable o\u00f9 elles se sont laiss\u00e9es tomber.<\/p>\n<p>de ce m\u00e9lange et de la courbe de nos nuques<br \/>\nla chaleur des oreillers que nous avons choisis et achet\u00e9s<br \/>\nla sueur du milieu de la nuit de nos r\u00eaves<br \/>\nvont tous au lieu commun.<\/p>\n<p>tu verses de c\u00f4t\u00e9 ta t\u00eate avec ses tendons et ses paupi\u00e8res<br \/>\net de l&rsquo;autre bord de de la nuit du long temps creux et noir<br \/>\nma t\u00eate tombe tout aussi close.<\/p>\n<p>et les images glissent sur les vitres des trains que nous n&rsquo;avons pas remplis<br \/>\nde notre pr\u00e9sence ennuyeuse et solitaire<br \/>\nla nuit ne livre pas sa page noire<br \/>\nderri\u00e8re elles. <\/p>\n<p>et nous n&rsquo;allons nulle part, nulle part nous n&rsquo;allons<br \/>\nnous enfon\u00e7ant dans le m\u00eame sommeil d&rsquo;un bord du monde<br \/>\n\u00e0 l&rsquo;autre tous<br \/>\ntous nous roulons ainsi &#8211; je ne me r\u00e9veille pas. <\/p>\n","protected":false},"excerpt":{"rendered":"<p>nos sommeils sont m\u00e9lang\u00e9s et nos nuits se rel\u00e8vent femmes inconnues du sable o\u00f9 elles se sont laiss\u00e9es tomber. de ce m\u00e9lange et de la courbe de nos nuques la chaleur des oreillers que nous avons choisis et achet\u00e9s la (&hellip;)<\/p>\n<p><a href=\"https:\/\/www.angle-vivant.net\/claireceira\/654\/\">Read the rest of this entry &raquo;<\/a><\/p>\n","protected":false},"author":1,"featured_media":0,"comment_status":"open","ping_status":"closed","sticky":false,"template":"","format":"standard","meta":{"footnotes":""},"categories":[23,22],"tags":[],"class_list":["post-654","post","type-post","status-publish","format-standard","hentry","category-etre-seul-etre-ensemble","category-la-voie-associative"],"_links":{"self":[{"href":"https:\/\/www.angle-vivant.net\/claireceira\/wp-json\/wp\/v2\/posts\/654","targetHints":{"allow":["GET"]}}],"collection":[{"href":"https:\/\/www.angle-vivant.net\/claireceira\/wp-json\/wp\/v2\/posts"}],"about":[{"href":"https:\/\/www.angle-vivant.net\/claireceira\/wp-json\/wp\/v2\/types\/post"}],"author":[{"embeddable":true,"href":"https:\/\/www.angle-vivant.net\/claireceira\/wp-json\/wp\/v2\/users\/1"}],"replies":[{"embeddable":true,"href":"https:\/\/www.angle-vivant.net\/claireceira\/wp-json\/wp\/v2\/comments?post=654"}],"version-history":[{"count":13,"href":"https:\/\/www.angle-vivant.net\/claireceira\/wp-json\/wp\/v2\/posts\/654\/revisions"}],"predecessor-version":[{"id":3197,"href":"https:\/\/www.angle-vivant.net\/claireceira\/wp-json\/wp\/v2\/posts\/654\/revisions\/3197"}],"wp:attachment":[{"href":"https:\/\/www.angle-vivant.net\/claireceira\/wp-json\/wp\/v2\/media?parent=654"}],"wp:term":[{"taxonomy":"category","embeddable":true,"href":"https:\/\/www.angle-vivant.net\/claireceira\/wp-json\/wp\/v2\/categories?post=654"},{"taxonomy":"post_tag","embeddable":true,"href":"https:\/\/www.angle-vivant.net\/claireceira\/wp-json\/wp\/v2\/tags?post=654"}],"curies":[{"name":"wp","href":"https:\/\/api.w.org\/{rel}","templated":true}]}}