{"id":636,"date":"2013-04-09T18:05:03","date_gmt":"2013-04-09T18:05:03","guid":{"rendered":"https:\/\/www.angle-vivant.net\/claireceira\/?p=636"},"modified":"2016-12-09T17:20:22","modified_gmt":"2016-12-09T17:20:22","slug":"orient-reprise","status":"publish","type":"post","link":"https:\/\/www.angle-vivant.net\/claireceira\/orient-reprise\/","title":{"rendered":"Orientales (reprise)"},"content":{"rendered":"<p><em><strong>1\/ espace sans d\u00e9sir<\/strong><\/em><\/p>\n<p>j&rsquo;\u00e9tais satisfaite enfant, debout sur une jambe<br \/>\nle temps balan\u00e7ait sa corde oblongue du jour \u00e0 la nuit,<br \/>\ntournait la grande corde et moi je sautais.<br \/>\nle jour chassait la nuit en se glissant dans les couloirs d&rsquo;arbres<br \/>\nla pie s&rsquo;abattait sur le toit, criaillant<br \/>\net le vent couchait l&rsquo;avoine brillante.<\/p>\n<p>l&rsquo;eau du robinet en filet immobile<br \/>\ncomme une tige de verre<br \/>\npuis en r\u00e9seau froid<br \/>\nen nappe sur la main,<br \/>\ngiclant sur le muret. <\/p>\n<p><em><strong>2\/ d\u00e9sir sans espace<\/strong><\/em><\/p>\n<p>Je m&rsquo;imbriquerai &#8211; j&rsquo;irai rejoindre<br \/>\nl&rsquo;espace de derri\u00e8re qui est si vide<br \/>\nnou\u00e9 aux branches : des bras entre les feuilles<br \/>\nteintes en noir par la nuit<br \/>\ndes chants qui forment une r\u00e9sille<br \/>\net s&rsquo;enfoncent<br \/>\ndans l&rsquo;\u00e9corce autour des arbres,<br \/>\nle monde des odeurs.<\/p>\n<p><em><strong>3\/ d\u00e9sir sans mati\u00e8re<\/strong><\/em><\/p>\n<p>ils remontent la via ferrata<br \/>\ncomme de jeunes arbres en bouquet s&rsquo;\u00e9cartent<br \/>\nmoi  je descends<br \/>\nentre les maisons, les jardins.<\/p>\n<p>j\u2019en vois deux autres<br \/>\nqui sont assises le long du mur \u00e0 l&rsquo;ombre :<br \/>\nune chevelure sombre<br \/>\no\u00f9 brille un chouchou turquoise,<br \/>\nquatre jambes \u00e9tendues.<br \/>\nj&rsquo;entends ce que dit<br \/>\nl&rsquo;enfant p\u00e2le<br \/>\ntranspirante :<br \/>\n\u00ab\u00a0je suis d\u00e9j\u00e0 sous la terre\u00a0\u00bb<\/p>\n<p><em><strong>4\/ sujet sans mati\u00e8re<\/strong><\/em><\/p>\n<p>Le vase bleu qu&rsquo;on a cass\u00e9<br \/>\nen morceaux sur le sol.<br \/>\nun r\u00eave de s\u00e9duction :<br \/>\nl&rsquo;homme prend dans la bouche<br \/>\ndes cerises qui s&rsquo;\u00e9gouttent et s&rsquo;approche.<br \/>\n(on pose la main sur sa poitrine<br \/>\ncomme pour le tenir \u00e0 distance).<br \/>\nc&rsquo;est le soir dans la cour,<br \/>\nbien qu&rsquo;en pleine ville, il n&rsquo;y a aucun bruit \u00e0 minuit<br \/>\n\u00e0 part le vent qui remue<br \/>\nles feuilles dans l&rsquo;acacia obscur<br \/>\njuste au-dessus de soi.<\/p>\n","protected":false},"excerpt":{"rendered":"<p>1\/ espace sans d\u00e9sir j&rsquo;\u00e9tais satisfaite enfant, debout sur une jambe le temps balan\u00e7ait sa corde oblongue du jour \u00e0 la nuit, tournait la grande corde et moi je sautais. le jour chassait la nuit en se glissant dans les (&hellip;)<\/p>\n<p><a href=\"https:\/\/www.angle-vivant.net\/claireceira\/orient-reprise\/\">Read the rest of this entry &raquo;<\/a><\/p>\n","protected":false},"author":1,"featured_media":0,"comment_status":"open","ping_status":"closed","sticky":false,"template":"","format":"standard","meta":{"footnotes":""},"categories":[22,21],"tags":[],"class_list":["post-636","post","type-post","status-publish","format-standard","hentry","category-la-voie-associative","category-mobilis-immobilis"],"_links":{"self":[{"href":"https:\/\/www.angle-vivant.net\/claireceira\/wp-json\/wp\/v2\/posts\/636","targetHints":{"allow":["GET"]}}],"collection":[{"href":"https:\/\/www.angle-vivant.net\/claireceira\/wp-json\/wp\/v2\/posts"}],"about":[{"href":"https:\/\/www.angle-vivant.net\/claireceira\/wp-json\/wp\/v2\/types\/post"}],"author":[{"embeddable":true,"href":"https:\/\/www.angle-vivant.net\/claireceira\/wp-json\/wp\/v2\/users\/1"}],"replies":[{"embeddable":true,"href":"https:\/\/www.angle-vivant.net\/claireceira\/wp-json\/wp\/v2\/comments?post=636"}],"version-history":[{"count":12,"href":"https:\/\/www.angle-vivant.net\/claireceira\/wp-json\/wp\/v2\/posts\/636\/revisions"}],"predecessor-version":[{"id":2510,"href":"https:\/\/www.angle-vivant.net\/claireceira\/wp-json\/wp\/v2\/posts\/636\/revisions\/2510"}],"wp:attachment":[{"href":"https:\/\/www.angle-vivant.net\/claireceira\/wp-json\/wp\/v2\/media?parent=636"}],"wp:term":[{"taxonomy":"category","embeddable":true,"href":"https:\/\/www.angle-vivant.net\/claireceira\/wp-json\/wp\/v2\/categories?post=636"},{"taxonomy":"post_tag","embeddable":true,"href":"https:\/\/www.angle-vivant.net\/claireceira\/wp-json\/wp\/v2\/tags?post=636"}],"curies":[{"name":"wp","href":"https:\/\/api.w.org\/{rel}","templated":true}]}}