{"id":627,"date":"2013-04-09T17:42:47","date_gmt":"2013-04-09T17:42:47","guid":{"rendered":"https:\/\/www.angle-vivant.net\/claireceira\/?p=627"},"modified":"2016-12-10T11:22:34","modified_gmt":"2016-12-10T11:22:34","slug":"e-pericoloso-sporgersi","status":"publish","type":"post","link":"https:\/\/www.angle-vivant.net\/claireceira\/e-pericoloso-sporgersi\/","title":{"rendered":"il est dangereux de se pencher au dehors"},"content":{"rendered":"<p>la vie de l\u2019arri\u00e8re-monde je la vois par moments<br \/>\n(pench\u00e9e dans ce train, dormant la moiti\u00e9 du temps)<br \/>\nelle se tient invisible dans le paysage entre ses lignes superpos\u00e9es, ses caches, et appara\u00eet,<br \/>\nintermittente : <\/p>\n<p>au premier plan le talus aux buissons d\u2019\u00e9glantines, en jets \u00e9pineux couleur de fer, m\u00eal\u00e9s d\u2019herbes s\u00e8ches aplaties par l\u2019hiver<br \/>\nderri\u00e8re lui un champ pointill\u00e9 de vert sombre, de jeunes plants<br \/>\net encore en arri\u00e8re un bois de peupliers dont les troncs parall\u00e8les, les rameaux semblent d\u00e9finitivement immobiles<br \/>\ngrillageant une ligne de montagnes brunes qui se d\u00e9tachent devant le ciel.<br \/>\n<em>Elle a je crois un visage tr\u00e8s large qui se cache presque derri\u00e8re ses cheveux gris fer h\u00e9riss\u00e9s de buissons d\u2019\u00e9glantines \u2013 elle a de grands yeux ouverts aux iris p\u00e2les et chantonne au rythme des wagons. Sa bouche aux deux l\u00e8vres peu ourl\u00e9es fait penser \u00e0 une blessure dont le sang se serait tari, b\u00e9ant sur l&rsquo;int\u00e9rieur, et le chant monotone, amoureux, est presque inaudible.<\/em><\/p>\n<p>cette vie m\u2019appara\u00eet dans des moments inoccup\u00e9s, passifs.<br \/>\nquand je lis entre ces lignes de repos je la vois bien,<br \/>\nqui s\u2019inscrit en lettres d\u2019un alphabet minuscule, li\u00e9, courant&#8230;<br \/>\net je revois ces manuscrits \u00e9crits au stylo bille au cours des ann\u00e9es soixante, dessinant des vagues de couleurs multiples sur du papier d\u2019\u00e9colier quadrill\u00e9, racontant des histoires qu\u2019on n\u2019\u00e9couterait pour rien au monde<br \/>\nde crainte de p\u00e9rir d\u2019ennui, de s\u00e9cher sur place, d&rsquo;\u00eatre happ\u00e9 par leur monde fou.<\/p>\n<p>des heures sans d\u00e9but ni fin d&rsquo;un travail patient, passionn\u00e9, maladif, dessinant un paysage en mouvement, le double de celui que d\u00e9voile ce train, les riches heures de la vie d\u2019arri\u00e8re-plan.<\/p>\n<p>dans ce livre o\u00f9 est peint l\u2019hiver, elle a des racines terreuses et des branches qui leur ressemblent, sym\u00e9triques inversions pour un pays ind\u00e9fini o\u00f9 jamais je ne serai &#8211; car le train suit son trajet et va vers sa gare &#8211; bient\u00f4t il faudra passer \u00e0 l\u2019action.<\/p>\n<p><img decoding=\"async\" src=\"http:\/\/farm9.staticflickr.com\/8241\/8634444365_59ed7f521d_m.jpg\" alt=\"\" \/><\/p>\n","protected":false},"excerpt":{"rendered":"<p>la vie de l\u2019arri\u00e8re-monde je la vois par moments (pench\u00e9e dans ce train, dormant la moiti\u00e9 du temps) elle se tient invisible dans le paysage entre ses lignes superpos\u00e9es, ses caches, et appara\u00eet, intermittente : au premier plan le talus (&hellip;)<\/p>\n<p><a href=\"https:\/\/www.angle-vivant.net\/claireceira\/e-pericoloso-sporgersi\/\">Read the rest of this entry &raquo;<\/a><\/p>\n","protected":false},"author":1,"featured_media":0,"comment_status":"open","ping_status":"closed","sticky":false,"template":"","format":"standard","meta":{"footnotes":""},"categories":[22,7],"tags":[],"class_list":["post-627","post","type-post","status-publish","format-standard","hentry","category-la-voie-associative","category-tgv"],"_links":{"self":[{"href":"https:\/\/www.angle-vivant.net\/claireceira\/wp-json\/wp\/v2\/posts\/627","targetHints":{"allow":["GET"]}}],"collection":[{"href":"https:\/\/www.angle-vivant.net\/claireceira\/wp-json\/wp\/v2\/posts"}],"about":[{"href":"https:\/\/www.angle-vivant.net\/claireceira\/wp-json\/wp\/v2\/types\/post"}],"author":[{"embeddable":true,"href":"https:\/\/www.angle-vivant.net\/claireceira\/wp-json\/wp\/v2\/users\/1"}],"replies":[{"embeddable":true,"href":"https:\/\/www.angle-vivant.net\/claireceira\/wp-json\/wp\/v2\/comments?post=627"}],"version-history":[{"count":13,"href":"https:\/\/www.angle-vivant.net\/claireceira\/wp-json\/wp\/v2\/posts\/627\/revisions"}],"predecessor-version":[{"id":2519,"href":"https:\/\/www.angle-vivant.net\/claireceira\/wp-json\/wp\/v2\/posts\/627\/revisions\/2519"}],"wp:attachment":[{"href":"https:\/\/www.angle-vivant.net\/claireceira\/wp-json\/wp\/v2\/media?parent=627"}],"wp:term":[{"taxonomy":"category","embeddable":true,"href":"https:\/\/www.angle-vivant.net\/claireceira\/wp-json\/wp\/v2\/categories?post=627"},{"taxonomy":"post_tag","embeddable":true,"href":"https:\/\/www.angle-vivant.net\/claireceira\/wp-json\/wp\/v2\/tags?post=627"}],"curies":[{"name":"wp","href":"https:\/\/api.w.org\/{rel}","templated":true}]}}