{"id":61,"date":"2011-07-08T15:45:58","date_gmt":"2011-07-08T15:45:58","guid":{"rendered":"https:\/\/www.angle-vivant.net\/claireceira\/?p=61"},"modified":"2016-12-16T15:20:58","modified_gmt":"2016-12-16T15:20:58","slug":"jecris-parce-que-jaime-disparaitre","status":"publish","type":"post","link":"https:\/\/www.angle-vivant.net\/claireceira\/jecris-parce-que-jaime-disparaitre\/","title":{"rendered":"j&rsquo;\u00e9cris parce que j&rsquo;aime dispara\u00eetre"},"content":{"rendered":"<p>parfois quelqu&rsquo;un vient prendre la place<br \/>\nil monte, soulev\u00e9 du fond<br \/>\npoisson longtemps planqu\u00e9<br \/>\npr\u00e8s de l&rsquo;\u00e9pave boueuse<br \/>\nil s&rsquo;\u00e9l\u00e8ve escort\u00e9 de myriades.<\/p>\n<p>il monte du noir<br \/>\n&#8211; de la nuit constante<br \/>\npar paliers vers la lumi\u00e8re cyclique,<br \/>\nle plafond brillant du haut.<\/p>\n<p>c&rsquo;est quelqu&rsquo;un qui s&rsquo;appelle \u00ab\u00a0fond du monde\u00a0\u00bb.<br \/>\nd\u00e8s qu&rsquo;il prend la place je sais dispara\u00eetre<br \/>\nmes yeux savent perdre la vue<br \/>\n&#8211; il prend la main.<\/p>\n<p>il m&rsquo;est \u00e9tranger<br \/>\nparlant dans son masque d&rsquo;or<br \/>\nd&rsquo;une voix caverneuse et molle<br \/>\nnostalgique<br \/>\ndes branchies b\u00e9antes, frang\u00e9es, des poissons<br \/>\ndes marnes, des mouvements froids ou ti\u00e8des<\/p>\n<p>de toutes beaut\u00e9s dont l&rsquo;inconscience est reine.<\/p>\n<p>&nbsp;<\/p>\n<p>&nbsp;<\/p>\n<p>&nbsp;<\/p>\n","protected":false},"excerpt":{"rendered":"<p>parfois quelqu&rsquo;un vient prendre la place il monte, soulev\u00e9 du fond poisson longtemps planqu\u00e9 pr\u00e8s de l&rsquo;\u00e9pave boueuse il s&rsquo;\u00e9l\u00e8ve escort\u00e9 de myriades. il monte du noir &#8211; de la nuit constante par paliers vers la lumi\u00e8re cyclique, le plafond (&hellip;)<\/p>\n<p><a href=\"https:\/\/www.angle-vivant.net\/claireceira\/jecris-parce-que-jaime-disparaitre\/\">Read the rest of this entry &raquo;<\/a><\/p>\n","protected":false},"author":1,"featured_media":0,"comment_status":"open","ping_status":"open","sticky":false,"template":"","format":"standard","meta":{"footnotes":""},"categories":[22,1],"tags":[],"class_list":["post-61","post","type-post","status-publish","format-standard","hentry","category-la-voie-associative","category-non-classe"],"_links":{"self":[{"href":"https:\/\/www.angle-vivant.net\/claireceira\/wp-json\/wp\/v2\/posts\/61","targetHints":{"allow":["GET"]}}],"collection":[{"href":"https:\/\/www.angle-vivant.net\/claireceira\/wp-json\/wp\/v2\/posts"}],"about":[{"href":"https:\/\/www.angle-vivant.net\/claireceira\/wp-json\/wp\/v2\/types\/post"}],"author":[{"embeddable":true,"href":"https:\/\/www.angle-vivant.net\/claireceira\/wp-json\/wp\/v2\/users\/1"}],"replies":[{"embeddable":true,"href":"https:\/\/www.angle-vivant.net\/claireceira\/wp-json\/wp\/v2\/comments?post=61"}],"version-history":[{"count":8,"href":"https:\/\/www.angle-vivant.net\/claireceira\/wp-json\/wp\/v2\/posts\/61\/revisions"}],"predecessor-version":[{"id":2608,"href":"https:\/\/www.angle-vivant.net\/claireceira\/wp-json\/wp\/v2\/posts\/61\/revisions\/2608"}],"wp:attachment":[{"href":"https:\/\/www.angle-vivant.net\/claireceira\/wp-json\/wp\/v2\/media?parent=61"}],"wp:term":[{"taxonomy":"category","embeddable":true,"href":"https:\/\/www.angle-vivant.net\/claireceira\/wp-json\/wp\/v2\/categories?post=61"},{"taxonomy":"post_tag","embeddable":true,"href":"https:\/\/www.angle-vivant.net\/claireceira\/wp-json\/wp\/v2\/tags?post=61"}],"curies":[{"name":"wp","href":"https:\/\/api.w.org\/{rel}","templated":true}]}}