{"id":6,"date":"2010-03-31T10:36:00","date_gmt":"2010-03-31T10:36:00","guid":{"rendered":"https:\/\/www.angle-vivant.net\/claireceira\/?p=6"},"modified":"2017-01-28T10:25:17","modified_gmt":"2017-01-28T10:25:17","slug":"lieux","status":"publish","type":"post","link":"https:\/\/www.angle-vivant.net\/claireceira\/lieux\/","title":{"rendered":"lieux"},"content":{"rendered":"<p>dans la courbe du fleuve dans la boue lisse,<br \/>\ndans le bras du fleuve<br \/>\n(vois leurs dos mouvants, bougeant<br \/>\net ce qui monte vers le soleil l\u00e9ger)<br \/>\nles bras comme des marches de fleuves<br \/>\nles voix comme de petites compagnes.<\/p>\n<p>rien n\u2019est perdu et tout revient<br \/>\nde l\u00e0, de l\u2019autre c\u00f4t\u00e9 du fleuve<br \/>\nle dos des tanches, leurs nageoires<br \/>\nbrillant au soleil,<br \/>\nsillonnant la boue ti\u00e8de<br \/>\n\u2013 des embrassements<br \/>\nqui vont fouiller dans le corps les m\u00e9andres sensibles.<\/p>\n<p>\u00b0<br \/>\nta beaut\u00e9, c\u2019est ce qui s&rsquo;\u00e9l\u00e8ve entre nous<br \/>\net partout quand je pose la main<br \/>\nsur la beaut\u00e9 de ton corps.<\/p>\n<p>la beaut\u00e9 de ton corps n\u2019existe pas seule<br \/>\nm\u00eame la tension de poser la main<br \/>\ncommence \u00e0 cr\u00e9er quelque chose.<\/p>\n<p>\u00b0<br \/>\nune \u00eele perdue au milieu d\u2019un espace, d\u2019une fente de nuit confuse<br \/>\n\u00eele  cassant le rythme des vagues<br \/>\n&#8211; et fines vagues des poils sur l\u2019avant bras<br \/>\nsur les phalanges des mains au repos.<br \/>\n\u00e9mergeant, triangle, d\u2019une nuit<br \/>\nflancs, sommeil que je ne connais pas.<\/p>\n<p>j\u2019aborde l&rsquo;\u00eele, \u00e9cras\u00e9e<br \/>\npar l\u2019assaut phosphorescent des vagues<br \/>\nje vomis tout ce que j\u2019ai bu malgr\u00e9 moi.<\/p>\n<p>l&rsquo;inverse d\u2019un fleuve : un c\u00f4ne sombre noy\u00e9 de brume, en surplomb.<br \/>\nil appuie sur les yeux quand on dort \u00e0 ses pieds<br \/>\ndans le sable grenu.<\/p>\n<p>on touche la mort dans son sable.<\/p>\n<p>je vois tes cercles, tes criques<br \/>\nles bras de la mer p\u00e9n\u00e9trante<br \/>\nje cherche un nom pour t\u2019appeler, d\u00e9chiquet\u00e9.<\/p>\n<p>le froid.<br \/>\nl\u2019\u00e9tranget\u00e9 descend en nappes des flancs de tes montagnes<br \/>\n\u00eele sans habitant, idole :<br \/>\nje te regarde comme une chose qui jamais ne regardera<br \/>\nje t\u2019assigne une absence de nom.<\/p>\n<p>une chaleur na\u00eet du refuge,<br \/>\ndu cordon de dunes. une tristesse vibre \u00e0 l\u2019horizon.<br \/>\n&#8230;il y a quelque chose d\u2019illusoire<br \/>\ndans mes propres odeurs, mes v\u00eatements.<\/p>\n","protected":false},"excerpt":{"rendered":"<p>dans la courbe du fleuve dans la boue lisse, dans le bras du fleuve (vois leurs dos mouvants, bougeant et ce qui monte vers le soleil l\u00e9ger) les bras comme des marches de fleuves les voix comme de petites compagnes. (&hellip;)<\/p>\n<p><a href=\"https:\/\/www.angle-vivant.net\/claireceira\/lieux\/\">Read the rest of this entry &raquo;<\/a><\/p>\n","protected":false},"author":1,"featured_media":0,"comment_status":"open","ping_status":"open","sticky":false,"template":"","format":"standard","meta":{"footnotes":""},"categories":[18],"tags":[],"class_list":["post-6","post","type-post","status-publish","format-standard","hentry","category-strates"],"_links":{"self":[{"href":"https:\/\/www.angle-vivant.net\/claireceira\/wp-json\/wp\/v2\/posts\/6","targetHints":{"allow":["GET"]}}],"collection":[{"href":"https:\/\/www.angle-vivant.net\/claireceira\/wp-json\/wp\/v2\/posts"}],"about":[{"href":"https:\/\/www.angle-vivant.net\/claireceira\/wp-json\/wp\/v2\/types\/post"}],"author":[{"embeddable":true,"href":"https:\/\/www.angle-vivant.net\/claireceira\/wp-json\/wp\/v2\/users\/1"}],"replies":[{"embeddable":true,"href":"https:\/\/www.angle-vivant.net\/claireceira\/wp-json\/wp\/v2\/comments?post=6"}],"version-history":[{"count":10,"href":"https:\/\/www.angle-vivant.net\/claireceira\/wp-json\/wp\/v2\/posts\/6\/revisions"}],"predecessor-version":[{"id":2765,"href":"https:\/\/www.angle-vivant.net\/claireceira\/wp-json\/wp\/v2\/posts\/6\/revisions\/2765"}],"wp:attachment":[{"href":"https:\/\/www.angle-vivant.net\/claireceira\/wp-json\/wp\/v2\/media?parent=6"}],"wp:term":[{"taxonomy":"category","embeddable":true,"href":"https:\/\/www.angle-vivant.net\/claireceira\/wp-json\/wp\/v2\/categories?post=6"},{"taxonomy":"post_tag","embeddable":true,"href":"https:\/\/www.angle-vivant.net\/claireceira\/wp-json\/wp\/v2\/tags?post=6"}],"curies":[{"name":"wp","href":"https:\/\/api.w.org\/{rel}","templated":true}]}}