{"id":505,"date":"2012-12-19T08:50:19","date_gmt":"2012-12-19T08:50:19","guid":{"rendered":"https:\/\/www.angle-vivant.net\/claireceira\/?p=505"},"modified":"2016-12-10T17:22:04","modified_gmt":"2016-12-10T17:22:04","slug":"bidon","status":"publish","type":"post","link":"https:\/\/www.angle-vivant.net\/claireceira\/bidon\/","title":{"rendered":"Babel"},"content":{"rendered":"<p>J&rsquo;\u00e9tais soudain envahie par un temps organique, boueux, j&rsquo;\u00e9tais soumise au balancement des branches, \u00e0 la fissure jaune des feuilles, \u00e0 l&rsquo;odeur du froid si particuli\u00e8re. J&rsquo;\u00e9tais dans le Nord, dans les herses de taillis bordant le haut des collines, la nacre d&rsquo;ailes nuageuses contre le ciel, la dentelle des cl\u00e9matites sauvages, beige pos\u00e9e sur des massifs d&rsquo;arbres, escaladant leur architecture. Au pied de mon talus, comme une langue d&rsquo;eau qui se retire, un grand \u00e9tang lam\u00e9 de vent, pas de miroir. Et cette fum\u00e9e qui semble nimber l&rsquo;horizon en hiver, fum\u00e9e inodore et sans feu, la baisse de la lumi\u00e8re rouge du soleil dej\u00e0 disparu, cach\u00e9. Tant de puret\u00e9, tant de repli, le silence d&rsquo;oiseaux \u00e0 demi-saouls de froid. J&rsquo;\u00e9tais dans une exposition de tableaux, de paysages anciens, leur mille d\u00e9tails leurs mille collines, les ponts sur les minimes rivi\u00e8res, les chutes d&rsquo;eaux transparentes, les rochers ac\u00e9r\u00e9s au dessus du vide. Les plantes les oiseaux et les b\u00eates rampantes, les hommes v\u00eatus \u00e0 l&rsquo;ancienne et les diables tous extraordinaires, avec leurs dents ac\u00e9r\u00e9es leur sadisme, leurs membres aberrants saisissant des corps nus.<br \/>\nEt les saints minuscules nimb\u00e9s de petites lumi\u00e8res qui priaient, encercl\u00e9s de prodiges, dans des grottes o\u00f9 venaient des femmes nues au seins hauts. J&rsquo;\u00e9tais triste, je marchais de tableau en tableau.<br \/>\nC&rsquo;est l\u00e0 que je pensais, \u00e0 ce que je faisais de mon temps, \u00e0 des loyaut\u00e9s, \u00e0 ce que je ne pouvais quitter sans arracher toute la terre arable, initiale, de mon jardin.<br \/>\nA cet autre jardin, sec, vert sombre, rose du ciel du matin et du vent, parcouru d&rsquo;effluves en toutes saisons, arm\u00e9 contre son soleil natal, recuit, lointain. A ceux qui n&rsquo;y viendraient jamais.<br \/>\nMais j&rsquo;\u00e9tais dans la ville du Nord, dans ses rues et ses mus\u00e9es, ses restau dor\u00e9s et leurs bonnes nourritures, l&rsquo;alcool apr\u00e8s le soir glacial, les rires et les amis. Et en m\u00eame temps j&rsquo;\u00e9tais dans le vide, dans un corridor nu, j&rsquo;\u00e9tais pouss\u00e9e dehors.<br \/>\nComme une barque dont quelqu&rsquo;un m&rsquo;avait durement pouss\u00e9e du bout d&rsquo;un b\u00e2ton, du c\u00f4t\u00e9 des touristes, hors de son pays et de ses habitants. Mais j&rsquo;\u00e9tais depuis longtemps hors du mien, des gens qui parlent fluidement et sans effort, qui s&rsquo;int\u00e9ressent \u00e0 ce qu&rsquo;ils disent, qui nagent dans la r\u00e9alit\u00e9.<br \/>\nJ&rsquo;\u00e9tais dans la barque repouss\u00e9e, et sans rame, je tournais lentement au milieu de l&rsquo;\u00e9tang huileux et doux, du courant, un grand h\u00e9ron d\u00e9pliant soudain son vol au dessus de ma t\u00eate, et, en le suivant des yeux, je voyais alors trouant les nu\u00e9es du Nord, per\u00e7ant le ciel flamand, cette tour hercul\u00e9enne qu&rsquo;ils ont contruite depuis des si\u00e8cles et des si\u00e8cles, en briques cuites et cram\u00e9es au soleil d&rsquo;Asie Mineure, qu&rsquo;ils contruisaient et reconstruisent sans cesse, en verre et acier et b\u00e9ton, surtout b\u00e9ton et poussi\u00e8re, sur toute la surface plane de la Terre, d&rsquo;o\u00f9 suinte leur haine des diff\u00e9rences, leur mis\u00e8re, et tout ce qu&rsquo;ils ont extrait de ses entrailles, au prix de leur vie souvent, pour empoisonner ou escalader ou conqu\u00e9rir leur ciel, toujours en plus grand nombre, milliers et milliers de centres du Monde, milliers et milliers d&rsquo;ossements encore v\u00eatus de chair vivante, bient\u00f4t \u00e0 enfouir, \u00e0 cacher.<br \/>\nCette tour que Dieu ne put admettre, et qu&rsquo;il \u00e9crasa de Sa main d&rsquo;Enfant capricieux, les dispersant, dispersant leurs visages et leurs langues, les faisant diff\u00e9rents. Et moi j&rsquo;\u00e9tais l\u00e0, celle d&rsquo;aucune langue&#8230;<br \/>\nDu bord de l&rsquo;eau je regardais la Tour qui commen\u00e7ait visiblement \u00e0 se fendre, \u00e0 trembler, les gens des hauteurs tombant en criant, et ils tombaient sur les contreforts, puis sur ceux des bidonvilles, saignants disloqu\u00e9s dans des flaques iris\u00e9es de fuel.<br \/>\nEt moi qui n&rsquo;\u00e9tais plus de nulle part, je n&rsquo;avais plus aucune raison de bouger.<\/p>\n<p><img loading=\"lazy\" decoding=\"async\" alt=\"\" src=\"http:\/\/farm9.staticflickr.com\/8222\/8286260839_9ff956e9ae_m.jpg\" title=\"maison renvers\u00e9e\" class=\"alignnone\" width=\"180\" height=\"240\" \/><\/p>\n","protected":false},"excerpt":{"rendered":"<p>J&rsquo;\u00e9tais soudain envahie par un temps organique, boueux, j&rsquo;\u00e9tais soumise au balancement des branches, \u00e0 la fissure jaune des feuilles, \u00e0 l&rsquo;odeur du froid si particuli\u00e8re. J&rsquo;\u00e9tais dans le Nord, dans les herses de taillis bordant le haut des collines, (&hellip;)<\/p>\n<p><a href=\"https:\/\/www.angle-vivant.net\/claireceira\/bidon\/\">Read the rest of this entry &raquo;<\/a><\/p>\n","protected":false},"author":1,"featured_media":0,"comment_status":"open","ping_status":"open","sticky":false,"template":"","format":"standard","meta":{"footnotes":""},"categories":[22,18],"tags":[],"class_list":["post-505","post","type-post","status-publish","format-standard","hentry","category-la-voie-associative","category-strates"],"_links":{"self":[{"href":"https:\/\/www.angle-vivant.net\/claireceira\/wp-json\/wp\/v2\/posts\/505","targetHints":{"allow":["GET"]}}],"collection":[{"href":"https:\/\/www.angle-vivant.net\/claireceira\/wp-json\/wp\/v2\/posts"}],"about":[{"href":"https:\/\/www.angle-vivant.net\/claireceira\/wp-json\/wp\/v2\/types\/post"}],"author":[{"embeddable":true,"href":"https:\/\/www.angle-vivant.net\/claireceira\/wp-json\/wp\/v2\/users\/1"}],"replies":[{"embeddable":true,"href":"https:\/\/www.angle-vivant.net\/claireceira\/wp-json\/wp\/v2\/comments?post=505"}],"version-history":[{"count":12,"href":"https:\/\/www.angle-vivant.net\/claireceira\/wp-json\/wp\/v2\/posts\/505\/revisions"}],"predecessor-version":[{"id":2543,"href":"https:\/\/www.angle-vivant.net\/claireceira\/wp-json\/wp\/v2\/posts\/505\/revisions\/2543"}],"wp:attachment":[{"href":"https:\/\/www.angle-vivant.net\/claireceira\/wp-json\/wp\/v2\/media?parent=505"}],"wp:term":[{"taxonomy":"category","embeddable":true,"href":"https:\/\/www.angle-vivant.net\/claireceira\/wp-json\/wp\/v2\/categories?post=505"},{"taxonomy":"post_tag","embeddable":true,"href":"https:\/\/www.angle-vivant.net\/claireceira\/wp-json\/wp\/v2\/tags?post=505"}],"curies":[{"name":"wp","href":"https:\/\/api.w.org\/{rel}","templated":true}]}}