{"id":488,"date":"2012-11-24T17:15:17","date_gmt":"2012-11-24T17:15:17","guid":{"rendered":"https:\/\/www.angle-vivant.net\/claireceira\/?p=488"},"modified":"2013-01-13T00:13:48","modified_gmt":"2013-01-13T00:13:48","slug":"conversations-de-novembre","status":"publish","type":"post","link":"https:\/\/www.angle-vivant.net\/claireceira\/conversations-de-novembre\/","title":{"rendered":"novembres"},"content":{"rendered":"<p>J\u2019ai r\u00eav\u00e9 de mon p\u00e8re la nuit derni\u00e8re<br \/>\nil marchait \u2013 mains dans les poches,<br \/>\n\u00e0 la tomb\u00e9e du jour<br \/>\npr\u00e8s de ma m\u00e8re<br \/>\net de ma petite s\u0153ur<br \/>\ntoute petite.<\/p>\n<p>La rue \u00e9clair\u00e9e<br \/>\nce soir s\u2019ouvre<br \/>\ncomme un livre, l\u00e0-bas au bout<br \/>\nsur le ciel et la mer<br \/>\ndu m\u00eame bleu \u00e9teint<br \/>\nle bateau de la Seyne sur Mer<br \/>\nattend pour accoster.<br \/>\nNovembre est l\u00e0.<\/p>\n<p>Il portait un grand manteau sombre,<br \/>\nouvert<br \/>\nle col relev\u00e9,<br \/>\nune chemise bleu nuit<br \/>\net une cravate.<br \/>\nIl me disait en souriant :<br \/>\n\u00ab\u00a0j\u2019ai eu envie d\u2019\u00eatre bien habill\u00e9\u00a0\u00bb.<br \/>\n(lui qui en avait si peu \u00e0 faire<br \/>\ndans la vraie vie).<br \/>\nJe lui disais :  \u00ab\u00a0tu es magnifique.\u00a0\u00bb <\/p>\n<p>Je me souviens de ma petite s\u0153ur<br \/>\nadulte<br \/>\ndevant le cercueil ouvert, disant :<br \/>\n\u00ab\u00a0il a toujours \u00e9t\u00e9 beau mon papa\u00a0\u00bb. <\/p>\n<p>et c&rsquo;est tout.<\/p>\n","protected":false},"excerpt":{"rendered":"<p>J\u2019ai r\u00eav\u00e9 de mon p\u00e8re la nuit derni\u00e8re il marchait \u2013 mains dans les poches, \u00e0 la tomb\u00e9e du jour pr\u00e8s de ma m\u00e8re et de ma petite s\u0153ur toute petite. La rue \u00e9clair\u00e9e ce soir s\u2019ouvre comme un livre, (&hellip;)<\/p>\n<p><a href=\"https:\/\/www.angle-vivant.net\/claireceira\/conversations-de-novembre\/\">Read the rest of this entry &raquo;<\/a><\/p>\n","protected":false},"author":1,"featured_media":0,"comment_status":"open","ping_status":"open","sticky":false,"template":"","format":"standard","meta":{"footnotes":""},"categories":[16,18],"tags":[],"class_list":["post-488","post","type-post","status-publish","format-standard","hentry","category-reves","category-strates"],"_links":{"self":[{"href":"https:\/\/www.angle-vivant.net\/claireceira\/wp-json\/wp\/v2\/posts\/488","targetHints":{"allow":["GET"]}}],"collection":[{"href":"https:\/\/www.angle-vivant.net\/claireceira\/wp-json\/wp\/v2\/posts"}],"about":[{"href":"https:\/\/www.angle-vivant.net\/claireceira\/wp-json\/wp\/v2\/types\/post"}],"author":[{"embeddable":true,"href":"https:\/\/www.angle-vivant.net\/claireceira\/wp-json\/wp\/v2\/users\/1"}],"replies":[{"embeddable":true,"href":"https:\/\/www.angle-vivant.net\/claireceira\/wp-json\/wp\/v2\/comments?post=488"}],"version-history":[{"count":15,"href":"https:\/\/www.angle-vivant.net\/claireceira\/wp-json\/wp\/v2\/posts\/488\/revisions"}],"predecessor-version":[{"id":532,"href":"https:\/\/www.angle-vivant.net\/claireceira\/wp-json\/wp\/v2\/posts\/488\/revisions\/532"}],"wp:attachment":[{"href":"https:\/\/www.angle-vivant.net\/claireceira\/wp-json\/wp\/v2\/media?parent=488"}],"wp:term":[{"taxonomy":"category","embeddable":true,"href":"https:\/\/www.angle-vivant.net\/claireceira\/wp-json\/wp\/v2\/categories?post=488"},{"taxonomy":"post_tag","embeddable":true,"href":"https:\/\/www.angle-vivant.net\/claireceira\/wp-json\/wp\/v2\/tags?post=488"}],"curies":[{"name":"wp","href":"https:\/\/api.w.org\/{rel}","templated":true}]}}