{"id":463,"date":"2012-11-05T18:20:49","date_gmt":"2012-11-05T18:20:49","guid":{"rendered":"https:\/\/www.angle-vivant.net\/claireceira\/?p=463"},"modified":"2016-12-12T15:56:33","modified_gmt":"2016-12-12T15:56:33","slug":"comme-le-vent-dans-les-branches","status":"publish","type":"post","link":"https:\/\/www.angle-vivant.net\/claireceira\/comme-le-vent-dans-les-branches\/","title":{"rendered":"comme le vent dans les branches"},"content":{"rendered":"<p>.<\/p>\n<p>Je regarde filer les bordures les arches<br \/>\nle trac\u00e9 des lumi\u00e8res<br \/>\nrouges ou blanches, joyaux pour orner la p\u00e9nombre<br \/>\nlongs serpents en double sens.<br \/>\nUne porte imagin\u00e9e entre les collines, comme deux \u00e9paules de terre<br \/>\net les arbres, les buissons graphiques, les ombres port\u00e9es<br \/>\ndans la pluvieuse nuit d&rsquo;automne<\/p>\n<p>une tra\u00eene de peur qu&rsquo;on laisse glisser derri\u00e8re soi.<\/p>\n<p>Tout semble simple :<br \/>\nle vent les branches, l\u2019encre du soir<br \/>\narbres et lisi\u00e8res o\u00f9 le temps s&rsquo;aligne<br \/>\ndans le fleuve chaud du voyage parle \u00e0 mi-voix<br \/>\nune langue qu&rsquo;on n&rsquo;apprend nulle part.<\/p>\n<p>Je ne suis l\u00e0 finalement que pour dire<br \/>\nces arbres noirs contre un ciel d&rsquo;ardoise<br \/>\ncette porte sans montant ni seuil<br \/>\net ce que je vois en cet instant tranquille<br \/>\nlaissant d\u00e9filer une beaut\u00e9-qui-ne-peut-se-dire.<\/p>\n<p>Pour d\u00e9crire, ou juste voir la porte<br \/>\nle double collier lumineux, les arbres<br \/>\nqui rappellent l\u2019histoire, s&rsquo;exclament<br \/>\nsans mot ni bruit.<br \/>\nEcrivent de leurs grandes branches, de leurs cimes<br \/>\nde chaque feuille tremp\u00e9e dans le soir glac\u00e9<br \/>\ncette frange o\u00f9 s&rsquo;\u00e9teint la lumi\u00e8re.<\/p>\n<p>Et moi je suis morte je suis parfaite<br \/>\nje suis un duo de phares<br \/>\nrouges dans un collier qui glisse<br \/>\nglisse et coule et je vais<br \/>\nl\u00e0 o\u00f9 je Vais.<\/p>\n<p><img loading=\"lazy\" decoding=\"async\" alt=\"\" src=\"http:\/\/farm9.staticflickr.com\/8199\/8179557775_16cd973938_n.jpg\" title=\"arche\" class=\"alignnone\" width=\"320\" height=\"240\" \/>.<\/p>\n","protected":false},"excerpt":{"rendered":"<p>. Je regarde filer les bordures les arches le trac\u00e9 des lumi\u00e8res rouges ou blanches, joyaux pour orner la p\u00e9nombre longs serpents en double sens. Une porte imagin\u00e9e entre les collines, comme deux \u00e9paules de terre et les arbres, les (&hellip;)<\/p>\n<p><a href=\"https:\/\/www.angle-vivant.net\/claireceira\/comme-le-vent-dans-les-branches\/\">Read the rest of this entry &raquo;<\/a><\/p>\n","protected":false},"author":1,"featured_media":0,"comment_status":"open","ping_status":"open","sticky":false,"template":"","format":"standard","meta":{"footnotes":""},"categories":[21,17],"tags":[],"class_list":["post-463","post","type-post","status-publish","format-standard","hentry","category-mobilis-immobilis","category-routes"],"_links":{"self":[{"href":"https:\/\/www.angle-vivant.net\/claireceira\/wp-json\/wp\/v2\/posts\/463","targetHints":{"allow":["GET"]}}],"collection":[{"href":"https:\/\/www.angle-vivant.net\/claireceira\/wp-json\/wp\/v2\/posts"}],"about":[{"href":"https:\/\/www.angle-vivant.net\/claireceira\/wp-json\/wp\/v2\/types\/post"}],"author":[{"embeddable":true,"href":"https:\/\/www.angle-vivant.net\/claireceira\/wp-json\/wp\/v2\/users\/1"}],"replies":[{"embeddable":true,"href":"https:\/\/www.angle-vivant.net\/claireceira\/wp-json\/wp\/v2\/comments?post=463"}],"version-history":[{"count":8,"href":"https:\/\/www.angle-vivant.net\/claireceira\/wp-json\/wp\/v2\/posts\/463\/revisions"}],"predecessor-version":[{"id":2546,"href":"https:\/\/www.angle-vivant.net\/claireceira\/wp-json\/wp\/v2\/posts\/463\/revisions\/2546"}],"wp:attachment":[{"href":"https:\/\/www.angle-vivant.net\/claireceira\/wp-json\/wp\/v2\/media?parent=463"}],"wp:term":[{"taxonomy":"category","embeddable":true,"href":"https:\/\/www.angle-vivant.net\/claireceira\/wp-json\/wp\/v2\/categories?post=463"},{"taxonomy":"post_tag","embeddable":true,"href":"https:\/\/www.angle-vivant.net\/claireceira\/wp-json\/wp\/v2\/tags?post=463"}],"curies":[{"name":"wp","href":"https:\/\/api.w.org\/{rel}","templated":true}]}}