{"id":430,"date":"2012-10-02T14:13:54","date_gmt":"2012-10-02T14:13:54","guid":{"rendered":"https:\/\/www.angle-vivant.net\/claireceira\/?p=430"},"modified":"2016-12-13T09:37:11","modified_gmt":"2016-12-13T09:37:11","slug":"fish-eye","status":"publish","type":"post","link":"https:\/\/www.angle-vivant.net\/claireceira\/fish-eye\/","title":{"rendered":"fish eye"},"content":{"rendered":"<p>.<\/p>\n<p>Vu de dos : une plaine<br \/>\nligne centrale comme une ar\u00eate<br \/>\nl\u00e0 o\u00f9 coule la rivi\u00e8re,<br \/>\nruisseaux venus<br \/>\ndes deux versants.<\/p>\n<p>sous les pas fugaces la neige<br \/>\nsous la neige les ruisseaux en sommeil. <\/p>\n<p>Vall\u00e9e de ma rivi\u00e8re noire<br \/>\no\u00f9 sont tes vert\u00e8bres ?<br \/>\no\u00f9 brillent tes \u00e9t\u00e9s de poussi\u00e8re,<br \/>\nleurs lumi\u00e8res att\u00e9nu\u00e9es ?<\/p>\n<p>.<br \/>\n<img loading=\"lazy\" decoding=\"async\" alt=\"\" src=\"http:\/\/farm9.staticflickr.com\/8177\/8047247731_84832a8580_n.jpg\" title=\"sofia mer\" class=\"alignnone\" width=\"320\" height=\"240\" \/>.<\/p>\n","protected":false},"excerpt":{"rendered":"<p>. Vu de dos : une plaine ligne centrale comme une ar\u00eate l\u00e0 o\u00f9 coule la rivi\u00e8re, ruisseaux venus des deux versants. sous les pas fugaces la neige sous la neige les ruisseaux en sommeil. Vall\u00e9e de ma rivi\u00e8re noire (&hellip;)<\/p>\n<p><a href=\"https:\/\/www.angle-vivant.net\/claireceira\/fish-eye\/\">Read the rest of this entry &raquo;<\/a><\/p>\n","protected":false},"author":1,"featured_media":0,"comment_status":"closed","ping_status":"open","sticky":false,"template":"","format":"standard","meta":{"footnotes":""},"categories":[1],"tags":[],"class_list":["post-430","post","type-post","status-publish","format-standard","hentry","category-non-classe"],"_links":{"self":[{"href":"https:\/\/www.angle-vivant.net\/claireceira\/wp-json\/wp\/v2\/posts\/430","targetHints":{"allow":["GET"]}}],"collection":[{"href":"https:\/\/www.angle-vivant.net\/claireceira\/wp-json\/wp\/v2\/posts"}],"about":[{"href":"https:\/\/www.angle-vivant.net\/claireceira\/wp-json\/wp\/v2\/types\/post"}],"author":[{"embeddable":true,"href":"https:\/\/www.angle-vivant.net\/claireceira\/wp-json\/wp\/v2\/users\/1"}],"replies":[{"embeddable":true,"href":"https:\/\/www.angle-vivant.net\/claireceira\/wp-json\/wp\/v2\/comments?post=430"}],"version-history":[{"count":18,"href":"https:\/\/www.angle-vivant.net\/claireceira\/wp-json\/wp\/v2\/posts\/430\/revisions"}],"predecessor-version":[{"id":2561,"href":"https:\/\/www.angle-vivant.net\/claireceira\/wp-json\/wp\/v2\/posts\/430\/revisions\/2561"}],"wp:attachment":[{"href":"https:\/\/www.angle-vivant.net\/claireceira\/wp-json\/wp\/v2\/media?parent=430"}],"wp:term":[{"taxonomy":"category","embeddable":true,"href":"https:\/\/www.angle-vivant.net\/claireceira\/wp-json\/wp\/v2\/categories?post=430"},{"taxonomy":"post_tag","embeddable":true,"href":"https:\/\/www.angle-vivant.net\/claireceira\/wp-json\/wp\/v2\/tags?post=430"}],"curies":[{"name":"wp","href":"https:\/\/api.w.org\/{rel}","templated":true}]}}