{"id":410,"date":"2012-09-25T14:33:32","date_gmt":"2012-09-25T14:33:32","guid":{"rendered":"https:\/\/www.angle-vivant.net\/claireceira\/?p=410"},"modified":"2016-12-13T10:32:07","modified_gmt":"2016-12-13T10:32:07","slug":"boues","status":"publish","type":"post","link":"https:\/\/www.angle-vivant.net\/claireceira\/boues\/","title":{"rendered":"boues"},"content":{"rendered":"<p>&#8230;&#8230;<\/p>\n<p>ce qui nous attendait s&rsquo;est d\u00e9pos\u00e9 : boues, cendre et mots perdus<br \/>\nau fin fond des actes.<br \/>\ndes faits et gestes pressentis et non venus<br \/>\ndes histoires cach\u00e9es dans une pauvret\u00e9 sauvage<br \/>\nplant\u00e9e de buis sombres. <\/p>\n<p>ce n&rsquo;est pas dans une lumi\u00e8re d&rsquo;\u00e9t\u00e9<br \/>\nni dans la chaleur<br \/>\nd&rsquo;une petite main qu&rsquo;on tient en marchant <\/p>\n<p>\u2013 toujours dans la paume de celles qu\u2019on n\u2019a pas touch\u00e9es et leur temp\u00e9rature inconnue \u2013 ou flottant autour de ce corps, \u00e0 jamais dans ce halo autour de ses mouvements<br \/>\nla houle lente de ses mouvements<br \/>\nqu\u2019on ne voit plus glisser, sur la gr\u00e8ve des yeux<br \/>\nremplis de mer.<\/p>\n<p>ce n&rsquo;est pas dans un monde d&rsquo;enfant<br \/>\nc&rsquo;est une chose de vieillard<br \/>\nde ce temps juste avant la mort. <\/p>\n<p>quand les fonctions du corps une \u00e0 une d\u00e9raillent, que reste<br \/>\nintermittente, la flamme de conscience<br \/>\n&#8211; c&rsquo;est juste avant de partir. <\/p>\n<p>s&rsquo;inscrit dans ce qui attend<br \/>\nnotre corps, comme un lit occulte :<br \/>\nvoix fluviales, extraits de corps morts<br \/>\nvase qui se soul\u00e8vera dans un dernier mouvement d&rsquo;eau<br \/>\ntout au fond de la mer commune. <\/p>\n<p>le corps mourant<br \/>\ntouchant le fond \u00e9l\u00e8ve<br \/>\nsa brune alluvion personnelle<br \/>\npuis dans un mouvement silencieux<br \/>\ns&rsquo;allonge lentement &#8211; se repose.<\/p>\n<p>puret\u00e9 de l&rsquo;eau noire, bient\u00f4t revenue<br \/>\ncristal de la nuit profonde. <\/p>\n<p><img loading=\"lazy\" decoding=\"async\" alt=\"\" src=\"http:\/\/farm9.staticflickr.com\/8179\/8023348954_7b2ac757e0_n.jpg\" class=\"alignnone\" width=\"320\" height=\"240\" \/><\/p>\n","protected":false},"excerpt":{"rendered":"<p>&#8230;&#8230; ce qui nous attendait s&rsquo;est d\u00e9pos\u00e9 : boues, cendre et mots perdus au fin fond des actes. des faits et gestes pressentis et non venus des histoires cach\u00e9es dans une pauvret\u00e9 sauvage plant\u00e9e de buis sombres. ce n&rsquo;est pas (&hellip;)<\/p>\n<p><a href=\"https:\/\/www.angle-vivant.net\/claireceira\/boues\/\">Read the rest of this entry &raquo;<\/a><\/p>\n","protected":false},"author":1,"featured_media":0,"comment_status":"closed","ping_status":"open","sticky":false,"template":"","format":"standard","meta":{"footnotes":""},"categories":[18],"tags":[],"class_list":["post-410","post","type-post","status-publish","format-standard","hentry","category-strates"],"_links":{"self":[{"href":"https:\/\/www.angle-vivant.net\/claireceira\/wp-json\/wp\/v2\/posts\/410","targetHints":{"allow":["GET"]}}],"collection":[{"href":"https:\/\/www.angle-vivant.net\/claireceira\/wp-json\/wp\/v2\/posts"}],"about":[{"href":"https:\/\/www.angle-vivant.net\/claireceira\/wp-json\/wp\/v2\/types\/post"}],"author":[{"embeddable":true,"href":"https:\/\/www.angle-vivant.net\/claireceira\/wp-json\/wp\/v2\/users\/1"}],"replies":[{"embeddable":true,"href":"https:\/\/www.angle-vivant.net\/claireceira\/wp-json\/wp\/v2\/comments?post=410"}],"version-history":[{"count":25,"href":"https:\/\/www.angle-vivant.net\/claireceira\/wp-json\/wp\/v2\/posts\/410\/revisions"}],"predecessor-version":[{"id":2567,"href":"https:\/\/www.angle-vivant.net\/claireceira\/wp-json\/wp\/v2\/posts\/410\/revisions\/2567"}],"wp:attachment":[{"href":"https:\/\/www.angle-vivant.net\/claireceira\/wp-json\/wp\/v2\/media?parent=410"}],"wp:term":[{"taxonomy":"category","embeddable":true,"href":"https:\/\/www.angle-vivant.net\/claireceira\/wp-json\/wp\/v2\/categories?post=410"},{"taxonomy":"post_tag","embeddable":true,"href":"https:\/\/www.angle-vivant.net\/claireceira\/wp-json\/wp\/v2\/tags?post=410"}],"curies":[{"name":"wp","href":"https:\/\/api.w.org\/{rel}","templated":true}]}}