{"id":399,"date":"2012-09-14T15:00:40","date_gmt":"2012-09-14T15:00:40","guid":{"rendered":"https:\/\/www.angle-vivant.net\/claireceira\/?p=399"},"modified":"2017-07-29T14:24:17","modified_gmt":"2017-07-29T14:24:17","slug":"assise-embrasser","status":"publish","type":"post","link":"https:\/\/www.angle-vivant.net\/claireceira\/assise-embrasser\/","title":{"rendered":"Assise, embrasser"},"content":{"rendered":"<p><img loading=\"lazy\" decoding=\"async\" alt=\"\" src=\"http:\/\/farm9.staticflickr.com\/8037\/7971792068_3d6b85489f.jpg\" class=\"alignnone\" width=\"500\" height=\"375\" \/><\/p>\n<p>les regards n&rsquo;ont cess\u00e9 de descendre<br \/>\ndepuis l&rsquo;esplanade pour se poser, mesurer<br \/>\nl&rsquo;immense plaine en contrebas<br \/>\nor et brun. <\/p>\n<p>la lumi\u00e8re n&rsquo;a cess\u00e9<br \/>\nd&rsquo;\u00e9clater de s\u00e9parer<br \/>\nle ciel des murs de pierre<br \/>\net les plantes des ombres. <\/p>\n<p>les murs n&rsquo;ont cess\u00e9 d&rsquo;enserrer<br \/>\nles maisons les petites rues, les \u00e9glises<br \/>\nconstruites et peintes il y a longtemps, les gens<br \/>\nn&rsquo;ont cess\u00e9 de venir comme des fourmis.<\/p>\n<p>et la terre a toujours trembl\u00e9<br \/>\nles murs ont croul\u00e9 les plafonds fendus<br \/>\nlaissant tomber \u00e0 terre leur fardeau divin<br \/>\nd&rsquo;\u00e9cailles de peinture. <\/p>\n<p>les fourmis ont toujours construit<br \/>\nleurs fourmili\u00e8res, les hommes empilant<br \/>\nleurs villes neuves et leurs murs sur les murs pass\u00e9s<br \/>\n\u00e9croul\u00e9s.<\/p>\n<p>les gens n&rsquo;ont cess\u00e9 d&rsquo;aller et de venir<br \/>\nsur la place haut plac\u00e9e que baigne la lumi\u00e8re du soir<br \/>\nles gens n&rsquo;ont cess\u00e9 de regarder en bas<br \/>\net de se taire, embrass\u00e9s. <\/p>\n<p><img loading=\"lazy\" decoding=\"async\" alt=\"\" src=\"http:\/\/farm9.staticflickr.com\/8036\/7971785680_49796e02a2.jpg\" class=\"alignnone\" width=\"500\" height=\"375\" \/><\/p>\n","protected":false},"excerpt":{"rendered":"<p>les regards n&rsquo;ont cess\u00e9 de descendre depuis l&rsquo;esplanade pour se poser, mesurer l&rsquo;immense plaine en contrebas or et brun. la lumi\u00e8re n&rsquo;a cess\u00e9 d&rsquo;\u00e9clater de s\u00e9parer le ciel des murs de pierre et les plantes des ombres. les murs n&rsquo;ont (&hellip;)<\/p>\n<p><a href=\"https:\/\/www.angle-vivant.net\/claireceira\/assise-embrasser\/\">Read the rest of this entry &raquo;<\/a><\/p>\n","protected":false},"author":1,"featured_media":0,"comment_status":"closed","ping_status":"open","sticky":false,"template":"","format":"standard","meta":{"footnotes":""},"categories":[21],"tags":[],"class_list":["post-399","post","type-post","status-publish","format-standard","hentry","category-mobilis-immobilis"],"_links":{"self":[{"href":"https:\/\/www.angle-vivant.net\/claireceira\/wp-json\/wp\/v2\/posts\/399","targetHints":{"allow":["GET"]}}],"collection":[{"href":"https:\/\/www.angle-vivant.net\/claireceira\/wp-json\/wp\/v2\/posts"}],"about":[{"href":"https:\/\/www.angle-vivant.net\/claireceira\/wp-json\/wp\/v2\/types\/post"}],"author":[{"embeddable":true,"href":"https:\/\/www.angle-vivant.net\/claireceira\/wp-json\/wp\/v2\/users\/1"}],"replies":[{"embeddable":true,"href":"https:\/\/www.angle-vivant.net\/claireceira\/wp-json\/wp\/v2\/comments?post=399"}],"version-history":[{"count":8,"href":"https:\/\/www.angle-vivant.net\/claireceira\/wp-json\/wp\/v2\/posts\/399\/revisions"}],"predecessor-version":[{"id":2948,"href":"https:\/\/www.angle-vivant.net\/claireceira\/wp-json\/wp\/v2\/posts\/399\/revisions\/2948"}],"wp:attachment":[{"href":"https:\/\/www.angle-vivant.net\/claireceira\/wp-json\/wp\/v2\/media?parent=399"}],"wp:term":[{"taxonomy":"category","embeddable":true,"href":"https:\/\/www.angle-vivant.net\/claireceira\/wp-json\/wp\/v2\/categories?post=399"},{"taxonomy":"post_tag","embeddable":true,"href":"https:\/\/www.angle-vivant.net\/claireceira\/wp-json\/wp\/v2\/tags?post=399"}],"curies":[{"name":"wp","href":"https:\/\/api.w.org\/{rel}","templated":true}]}}