{"id":3527,"date":"2021-08-31T11:22:12","date_gmt":"2021-08-31T11:22:12","guid":{"rendered":"https:\/\/www.angle-vivant.net\/claireceira\/?p=3527"},"modified":"2021-08-31T11:48:18","modified_gmt":"2021-08-31T11:48:18","slug":"focale-21","status":"publish","type":"post","link":"https:\/\/www.angle-vivant.net\/claireceira\/focale-21\/","title":{"rendered":"focale (21)"},"content":{"rendered":"<p>1<br \/>\nL&rsquo;enfant flou derri\u00e8re, en tablier, appuy\u00e9 \u00e0 la porte<br \/>\nL&rsquo;homme devant, le reflet qui aveugle le verre droit de ses petites lunettes rondes lui donne une allure de monstre mythologique, avec son visage si assur\u00e9, narines, m\u00e2choires, casquettes.<br \/>\nLa barri\u00e8re peinte de cercles, l&rsquo;\u00e9bauche d&rsquo;un 7, on voit que le taureau n&rsquo;est pas encore l\u00e0.<br \/>\nC&rsquo;est l&rsquo;enfant flou qui est le plus pr\u00e9sent, d&rsquo;une certaine mani\u00e8re,<br \/>\ncomme est pr\u00e9sent ce qu&rsquo;on ne per\u00e7oit pas directement. Il semble pourtant absent \u00e0 lui-m\u00eame, la t\u00eate un peu pench\u00e9e, comme font les enfants qui attendent, se font oublier, au second plan de la vie des adultes.<br \/>\nOn est en Espagne dans une plaza de toros. La guerre n&rsquo;est pas encore l\u00e0, elle n&rsquo;\u00e9clatera que dans trois ans.<\/p>\n<p>\u00b0\u00b0\u00b0\u00b0\u00b0\u00b0\u00b0\u00b0\u00b0\u00b0\u00b0\u00b0\u00b0\u00b0\u00b0\u00b0\u00b0\u00b0\u00b0\u00b0\u00b0\u00b0\u00b0\u00b0\u00b0\u00b0\u00b0\u00b0\u00b0\u00b0\u00b0\u00b0\u00b0\u00b0\u00b0\u00b0\u00b0\u00b0\u00b0\u00b0\u00b0\u00b0\u00b0\u00b0\u00b0\u00b0\u00b0\u00b0\u00b0\u00b0\u00b0\u00b0\u00b0\u00b0\u00b0\u00b0\u00b0\u00b0\u00b0\u00b0\u00b0\u00b0\u00b0\u00b0\u00b0\u00b0\u00b0\u00b0\u00b0\u00b0\u00b0\u00b0\u00b0\u00b0\u00b0\u00b0\u00b0\u00b0<br \/>\n2<br \/>\nDeux sortes de pr\u00e9sences dans cette image.<br \/>\nAu premier plan, celle d\u2019un visage masculin encadr\u00e9 dans le rectangle d\u2019une ouverture. Presque taurin, narines ouvertes, moustache lourde, Poliph\u00e8me autant que Minotaure car un reflet de lumi\u00e8re aveugle le verre droit de ses petites lunettes rondes, il regarde de c\u00f4t\u00e9, attentif et maussade.<br \/>\nAu fond, r\u00eavant, tr\u00e8s flou, un enfant tient embrass\u00e9 le battant d\u2019une porte. Comme la pr\u00e9sence de l\u2019\u00e2ge adulte, la pr\u00e9sence de l\u2019enfance.<br \/>\nOn est dans une ar\u00e8ne, un jeu virtuose de figures g\u00e9om\u00e9triques donne \u00e0 la sc\u00e8ne quelque chose de mythique, d\u2019abstrait. Pourtant ces cercles concentriques ont \u00e9t\u00e9 peints, ces rectangles ont \u00e9t\u00e9 d\u00e9coup\u00e9s dans le bois des portes et des barri\u00e8res, le chiffre 7 qu\u2019on devine a \u00e9t\u00e9 inscrit \u00e0 la peinture noire. On est dans un interlude, entre deux mises \u00e0 mort le vieux spectacle est \u00e0 l\u2019arr\u00eat.<br \/>\nPour moi qui lis la l\u00e9gende :  \u00ab Ar\u00e8nes de Valence, 1933 \u00bb une autre image se superpose : le tableau de Picasso, \u00ab Guernica \u00bb.<br \/>\nDans ce moment capt\u00e9, dans cette sc\u00e8ne vue au cours d\u2019un voyage, dans ces deux personnages et ce qui les rassemble, comme une intuition et la figuration de ce qui allait suivre, pour ce pays.<\/p>\n<p>Nous qui savons ce qui arrivera, nous voyons dans le visage sanguin de l&rsquo;homme, son air m\u00e9fiant et autoritaire \u00e0 la fois, comme un calque vague, comme un pr\u00e9misse du taureau qui mugit au premier plan de \u00ab\u00a0Guernica\u00a0\u00bb.<\/p>\n","protected":false},"excerpt":{"rendered":"<p>1 L&rsquo;enfant flou derri\u00e8re, en tablier, appuy\u00e9 \u00e0 la porte L&rsquo;homme devant, le reflet qui aveugle le verre droit de ses petites lunettes rondes lui donne une allure de monstre mythologique, avec son visage si assur\u00e9, narines, m\u00e2choires, casquettes. La (&hellip;)<\/p>\n<p><a href=\"https:\/\/www.angle-vivant.net\/claireceira\/focale-21\/\">Read the rest of this entry &raquo;<\/a><\/p>\n","protected":false},"author":1,"featured_media":0,"comment_status":"open","ping_status":"closed","sticky":false,"template":"","format":"standard","meta":{"footnotes":""},"categories":[1],"tags":[],"class_list":["post-3527","post","type-post","status-publish","format-standard","hentry","category-non-classe"],"_links":{"self":[{"href":"https:\/\/www.angle-vivant.net\/claireceira\/wp-json\/wp\/v2\/posts\/3527","targetHints":{"allow":["GET"]}}],"collection":[{"href":"https:\/\/www.angle-vivant.net\/claireceira\/wp-json\/wp\/v2\/posts"}],"about":[{"href":"https:\/\/www.angle-vivant.net\/claireceira\/wp-json\/wp\/v2\/types\/post"}],"author":[{"embeddable":true,"href":"https:\/\/www.angle-vivant.net\/claireceira\/wp-json\/wp\/v2\/users\/1"}],"replies":[{"embeddable":true,"href":"https:\/\/www.angle-vivant.net\/claireceira\/wp-json\/wp\/v2\/comments?post=3527"}],"version-history":[{"count":4,"href":"https:\/\/www.angle-vivant.net\/claireceira\/wp-json\/wp\/v2\/posts\/3527\/revisions"}],"predecessor-version":[{"id":3532,"href":"https:\/\/www.angle-vivant.net\/claireceira\/wp-json\/wp\/v2\/posts\/3527\/revisions\/3532"}],"wp:attachment":[{"href":"https:\/\/www.angle-vivant.net\/claireceira\/wp-json\/wp\/v2\/media?parent=3527"}],"wp:term":[{"taxonomy":"category","embeddable":true,"href":"https:\/\/www.angle-vivant.net\/claireceira\/wp-json\/wp\/v2\/categories?post=3527"},{"taxonomy":"post_tag","embeddable":true,"href":"https:\/\/www.angle-vivant.net\/claireceira\/wp-json\/wp\/v2\/tags?post=3527"}],"curies":[{"name":"wp","href":"https:\/\/api.w.org\/{rel}","templated":true}]}}