{"id":35,"date":"2011-02-18T18:19:00","date_gmt":"2011-02-18T18:19:00","guid":{"rendered":"https:\/\/www.angle-vivant.net\/claireceira\/?p=35"},"modified":"2017-01-05T21:19:19","modified_gmt":"2017-01-05T21:19:19","slug":"vers","status":"publish","type":"post","link":"https:\/\/www.angle-vivant.net\/claireceira\/vers\/","title":{"rendered":"\u00ab\u00a0vers\u00a0\u00bb"},"content":{"rendered":"<p>&#8230;alors que le soir tombe sur les longues lignes de peupliers,<br \/>\nsur le fleuve travers\u00e9 de ponts et de bancs de cailloux ; coulant sous son interface, son miroir<br \/>\ntandis que nous traversons le pays<br \/>\nallant vers o\u00f9 nous allons, \u00e0 la vitesse n\u00e9cessaire, dans les vibrations, et nos regards toujours d\u00e9jou\u00e9s par l\u2019effacement du paysage.<br \/>\nse cr\u00e9e un tube bleu sombre o\u00f9 le train bient\u00f4t s\u2019engloutit, o\u00f9 nous nous endormons.<br \/>\net le d\u00e9sir joue une musique dans ces basculements, cette h\u00e2te que nous ne ressentons pas, ce temps perdu.<br \/>\nles r\u00eaves sont comme des cailloux flous qu\u2019on laisse filer en arri\u00e8re<br \/>\nvoyageant sur un autre bord du monde, vers d\u2019autres lignes d\u2019arbres, talus. <\/p>\n<p>.<\/p>\n<p>&#8230;que cherches-tu, danseuse, tes mains cach\u00e9es sous les bras ?<br \/>\nTu as pass\u00e9 l\u2019apr\u00e8s-midi \u00e0 marcher dans les bois, manches de soie flottantes<br \/>\nd\u2019un v\u00eatement us\u00e9, que traverse le froid du d\u00e9but de printemps.<br \/>\nTu erres, depuis la route tu t\u2019enfonces dans le sentier, semblable aux arbres toujours mouvants.<br \/>\nDe creux en embranchement, \u00e0 chaque instant tu choisis. rien ne r\u00e8gle les mouvements de ton corps assoupli, ob\u00e9issant, rien ne s\u2019impose.<br \/>\nA la fin, fatigu\u00e9e, tu parviens au bord d\u2019un champ, et tu t\u2019assieds sur le tronc d\u2019un h\u00eatre<br \/>\nles mains pos\u00e9es sur la fine \u00e9corce grise dont tu per\u00e7ois les reliefs.<br \/>\nTon regard se noie dans les branchages en haut de la colline, si ensoleill\u00e9s<br \/>\npuis s&rsquo;\u00e9lance<br \/>\n&#8230;vers rien, tu r\u00eaves.<\/p>\n<p>.<\/p>\n<p>&#8230;ils sont au travail \u00e0 ciel ouvert, ils frappent r\u00e9guli\u00e8rement, et l\u2019air mat rend les coups vibrants, comme la cupule g\u00e9ante d\u2019une main.<br \/>\nainsi avancent-t-ils dans le d\u00e9compte des jours, dans la saign\u00e9e qu\u2019ils tracent sur le flanc de la montagne.<br \/>\nils travaillent dans cette fente blanche et pel\u00e9e, ouverte entre les \u00e9paulement des for\u00eats, qui descend lentement vers la rivi\u00e8re : la rivi\u00e8re ourl\u00e9e de vase, mais profonde, entre les pins ; coulant elle charrie aussi leurs jours, et ce chagrin qu\u2019ils secr\u00e8tent, si isol\u00e9s, comme les derniers repr\u00e9sentants d\u2019une peuplade. ils frappent et scient, le bleu de la coupole du ciel chante en r\u00e9ponse, d&rsquo;un chant voil\u00e9 et r\u00e9p\u00e9t\u00e9.<br \/>\nLes troncs glissent, atteignent le bord de l\u2019eau, puis ils descendront en longs trains flottants, jusqu\u2019\u00e0 l\u2019endroit o\u00f9 ils seront d\u00e9bit\u00e9s.<\/p>\n<p>.<\/p>\n<p>&#8230;un passage d\u2019un film : l\u2019histoire de deux soeurs dont l\u2019une est \u00abfolle\u00a0\u00bb et l\u2019autre \u00abnormale\u00bb. leur rencontre avec des hommes pas forc\u00e9ment recommandables, dont l\u2019un s\u2019approche, en fin de soir\u00e9e, de la soeur \u00absage\u00bb, apr\u00e8s qu\u2019ils aient partag\u00e9 des merguez, pas mal de bi\u00e8re et quelques joints.<br \/>\nIl y a ce moment o\u00f9 il enl\u00e8ve sa veste et la pose sur ses \u00e9paules, parce qu\u2019elle a froid.<br \/>\nPar la fa\u00e7on dont il le fait, par ce qu\u2019ils se disent alors (\u00ab\u00a0il faudrait que vous y alliez maintenant\u00a0\u00bb\/\u00a0\u00bboui, on y va\u00a0\u00bb), il la fait entrer quelque part, et plonge lui aussi sans plus d\u2019h\u00e9sitation dans le domaine des corps.<br \/>\nL&rsquo;un et l\u2019autre se glissent alors dans la protection de cette enveloppe &#8211; qu\u2019il lui pr\u00eate &#8211; hors de soi.<\/p>\n","protected":false},"excerpt":{"rendered":"<p>&#8230;alors que le soir tombe sur les longues lignes de peupliers, sur le fleuve travers\u00e9 de ponts et de bancs de cailloux ; coulant sous son interface, son miroir tandis que nous traversons le pays allant vers o\u00f9 nous allons, (&hellip;)<\/p>\n<p><a href=\"https:\/\/www.angle-vivant.net\/claireceira\/vers\/\">Read the rest of this entry &raquo;<\/a><\/p>\n","protected":false},"author":1,"featured_media":0,"comment_status":"open","ping_status":"open","sticky":false,"template":"","format":"standard","meta":{"footnotes":""},"categories":[13],"tags":[],"class_list":["post-35","post","type-post","status-publish","format-standard","hentry","category-prepositions"],"_links":{"self":[{"href":"https:\/\/www.angle-vivant.net\/claireceira\/wp-json\/wp\/v2\/posts\/35","targetHints":{"allow":["GET"]}}],"collection":[{"href":"https:\/\/www.angle-vivant.net\/claireceira\/wp-json\/wp\/v2\/posts"}],"about":[{"href":"https:\/\/www.angle-vivant.net\/claireceira\/wp-json\/wp\/v2\/types\/post"}],"author":[{"embeddable":true,"href":"https:\/\/www.angle-vivant.net\/claireceira\/wp-json\/wp\/v2\/users\/1"}],"replies":[{"embeddable":true,"href":"https:\/\/www.angle-vivant.net\/claireceira\/wp-json\/wp\/v2\/comments?post=35"}],"version-history":[{"count":10,"href":"https:\/\/www.angle-vivant.net\/claireceira\/wp-json\/wp\/v2\/posts\/35\/revisions"}],"predecessor-version":[{"id":2681,"href":"https:\/\/www.angle-vivant.net\/claireceira\/wp-json\/wp\/v2\/posts\/35\/revisions\/2681"}],"wp:attachment":[{"href":"https:\/\/www.angle-vivant.net\/claireceira\/wp-json\/wp\/v2\/media?parent=35"}],"wp:term":[{"taxonomy":"category","embeddable":true,"href":"https:\/\/www.angle-vivant.net\/claireceira\/wp-json\/wp\/v2\/categories?post=35"},{"taxonomy":"post_tag","embeddable":true,"href":"https:\/\/www.angle-vivant.net\/claireceira\/wp-json\/wp\/v2\/tags?post=35"}],"curies":[{"name":"wp","href":"https:\/\/api.w.org\/{rel}","templated":true}]}}