{"id":3496,"date":"2020-11-25T09:38:44","date_gmt":"2020-11-25T09:38:44","guid":{"rendered":"https:\/\/www.angle-vivant.net\/claireceira\/?p=3496"},"modified":"2020-11-25T09:38:44","modified_gmt":"2020-11-25T09:38:44","slug":"corpus","status":"publish","type":"post","link":"https:\/\/www.angle-vivant.net\/claireceira\/corpus\/","title":{"rendered":"corpus"},"content":{"rendered":"\n<p><\/p>\n\n\n\n<p> Pr\u00e8s de Marseille il y a le C.I.R.V.A. (Centre international du verre et des arts plastiques).<\/p>\n\n\n\n<p>Une \u00e9quipe de verriers travaille l\u00e0, des verriers qui sont all\u00e9s se former dans tous les endroits o\u00f9 se pratique l\u2019art du verre. Les artistes viennent \u00e0 leur tour du monde entier pour un travail en commun qui dure parfois des semaines ou des mois. Ils habitent sur place, tout le monde prend ses repas ensemble et c\u2019est ainsi que s\u2019\u00e9labore l\u2019\u0153uvre, les id\u00e9es des artistes rencontrant la technique des artisans, leur exp\u00e9rience, leur souffle, leurs gestes, les contraintes du mat\u00e9riau. Il y a ce qui est possible et ce qui ne l\u2019est pas, il y a le poids de la p\u00e2te de verre, il y a les nombreuses fois o\u00f9 le verre casse, il y a la br\u00fblante bouche du four, l\u2019id\u00e9e qui se modifie, la couleur, les transparences et les opacit\u00e9s, le tout petit et le monumental. Lors de l\u2019exposition qui s\u2019y est tenue, on voyait une vid\u00e9o qui parlait de tout cela, montrait le travail en train de se faire. Je me souviens de cette sculpture en verre pour laquelle deux verriers tenaient chacun \u00e0 bout de canne une \u00e9norme boule de verre liquide et, face \u00e0 face, apr\u00e8s un mouvement de balancement, les agr\u00e9geaient l\u2019une \u00e0 l\u2019autre. Et ainsi plusieurs fois. On voyait l\u2019\u0153uvre finale, sa beaut\u00e9 hasardeuse et coalescente. J\u2019ai repens\u00e9 \u00e0 ce que je disais en plaisantant d\u2019un jeune peintre qui \u00ab peint vraiment \u00bb, sur la toile ou le papier, avec un long pinceau : qu\u2019il avait de belles \u00e9paules. Les ma\u00eetres verriers ont de belles \u00e9paules, et un thorax bien d\u00e9velopp\u00e9. Les artistes ont de beaux yeux, forc\u00e9ment. On donnerait cher pour vivre quelques semaines de ce genre de travail commun. Je pense toujours au \u00ab duende \u00bb cher \u00e0 Lorca quand plusieurs personnes cr\u00e9ent ensemble. <\/p>\n","protected":false},"excerpt":{"rendered":"<p>Pr\u00e8s de Marseille il y a le C.I.R.V.A. (Centre international du verre et des arts plastiques). Une \u00e9quipe de verriers travaille l\u00e0, des verriers qui sont all\u00e9s se former dans tous les endroits o\u00f9 se pratique l\u2019art du verre. Les (&hellip;)<\/p>\n<p><a href=\"https:\/\/www.angle-vivant.net\/claireceira\/corpus\/\">Read the rest of this entry &raquo;<\/a><\/p>\n","protected":false},"author":1,"featured_media":0,"comment_status":"open","ping_status":"closed","sticky":false,"template":"","format":"standard","meta":{"footnotes":""},"categories":[1],"tags":[],"class_list":["post-3496","post","type-post","status-publish","format-standard","hentry","category-non-classe"],"_links":{"self":[{"href":"https:\/\/www.angle-vivant.net\/claireceira\/wp-json\/wp\/v2\/posts\/3496","targetHints":{"allow":["GET"]}}],"collection":[{"href":"https:\/\/www.angle-vivant.net\/claireceira\/wp-json\/wp\/v2\/posts"}],"about":[{"href":"https:\/\/www.angle-vivant.net\/claireceira\/wp-json\/wp\/v2\/types\/post"}],"author":[{"embeddable":true,"href":"https:\/\/www.angle-vivant.net\/claireceira\/wp-json\/wp\/v2\/users\/1"}],"replies":[{"embeddable":true,"href":"https:\/\/www.angle-vivant.net\/claireceira\/wp-json\/wp\/v2\/comments?post=3496"}],"version-history":[{"count":1,"href":"https:\/\/www.angle-vivant.net\/claireceira\/wp-json\/wp\/v2\/posts\/3496\/revisions"}],"predecessor-version":[{"id":3497,"href":"https:\/\/www.angle-vivant.net\/claireceira\/wp-json\/wp\/v2\/posts\/3496\/revisions\/3497"}],"wp:attachment":[{"href":"https:\/\/www.angle-vivant.net\/claireceira\/wp-json\/wp\/v2\/media?parent=3496"}],"wp:term":[{"taxonomy":"category","embeddable":true,"href":"https:\/\/www.angle-vivant.net\/claireceira\/wp-json\/wp\/v2\/categories?post=3496"},{"taxonomy":"post_tag","embeddable":true,"href":"https:\/\/www.angle-vivant.net\/claireceira\/wp-json\/wp\/v2\/tags?post=3496"}],"curies":[{"name":"wp","href":"https:\/\/api.w.org\/{rel}","templated":true}]}}