{"id":3491,"date":"2020-11-24T16:04:45","date_gmt":"2020-11-24T16:04:45","guid":{"rendered":"https:\/\/www.angle-vivant.net\/claireceira\/?p=3491"},"modified":"2020-12-17T22:15:24","modified_gmt":"2020-12-17T22:15:24","slug":"avec-dix-mots","status":"publish","type":"post","link":"https:\/\/www.angle-vivant.net\/claireceira\/avec-dix-mots\/","title":{"rendered":"avec dix mots impos\u00e9s"},"content":{"rendered":"<p><strong>mot d&rsquo;automne<\/strong><\/p>\n<p>le mot que j\u2019emploie est h\u00e9rit\u00e9<br \/>du temps pass\u00e9<br \/>des choses si souvent redites<br \/>s\u2019il a dur\u00e9 c\u2019est qu\u2019il le m\u00e9ritait<br \/>touchant d\u2019un doigt la r\u00e9alit\u00e9<br \/>d\u00e9sir\u00e9e, la prenant dans sa petite pogne<\/p>\n<p>aussi servant \u00e0 l\u2019\u00e9viter.<\/p>\n<p>comme une bulle autour d\u2019elle je l\u2019\u00e9tirais<br \/>parfois et puis le laissais d\u00e9river<br \/>jusqu\u2019au grand marais des id\u00e9es<br \/>o\u00f9 il s\u2019\u00e9chouait dans les roseli\u00e8res.<\/p>\n<p>et l\u00e0<br \/>il restera en attente<br \/>vieille pomme tr\u00e8s rid\u00e9e<br \/>continuant \u00e0 concentrer son sucre.<br \/>tout ce qui en lui\u00a0<em>m\u00e9disait<\/em><br \/>se d\u00e9pose dans la vase.<\/p>\n<p>seul reste ce qu\u2019il saisissait<br \/>chaque fois que je l\u2019employais<br \/>dans mon enfance.<\/p>\n<p>*******<\/p>\n\n\n<p>   <strong>Nord<\/strong><\/p>\n\n\n\n<p>Par un bizarre ph\u00e9nom\u00e8ne, du fond du tableau remonte une pellicule bleue, comme un vernis qui se craquelle en s\u00e9chant. Il regarde le virage : solvants, couleurs, ce petit miracle qu\u2019il ne dirige pas du tout.<br>Il y a quelques ann\u00e9es il aurait cherch\u00e9 \u00e0 tout reprendre, \u00e0 bannir le hasard chimique, \u00e0 revenir \u00e0 son projet, mais l\u00e0 il le constate seulement. Il regarde ses mains pendant qu\u2019il les nettoie avec soin mais sans succ\u00e8s, l\u00e8ve les yeux vers la grande verri\u00e8re, orient\u00e9e au nord, avec la merveille du jardin derri\u00e8re, d\u00e9pouill\u00e9 dans le silence d\u2019hiver. Sa fatigue baigne dans le blanc, il jette dans la poubelle les chiffons souill\u00e9s. Sur la petite table constell\u00e9e de taches, dans un coin de la pi\u00e8ce, l\u2019attend le pain, la bo\u00eete de camembert entam\u00e9e, le couteau. Sur l\u2019\u00e9tiquette on a repr\u00e9sent\u00e9 une vache, aux larges yeux tourn\u00e9s vers lui. Elle a une petite \u00e9tincelle d\u2019or sur le front. Il pense \u00e0 la personne qui a fait cette image. <\/p>\n\n\n\n<p>*******<\/p>\n\n\n\n<p><\/p>\n\n\n\n<p><\/p>\n\n\n\n<p><\/p>\n\n\n\n<p><\/p>\n\n\n\n<p><\/p>\n\n\n\n<p> <strong>stabat mater<\/strong><\/p>\n\n\n\n<p>Mort des morts si petits et lanc\u00e9s dans le fond<br>du ciel immortel, et nageant sur le dos<br>&#8211; sur l\u2019huile miroitante de la mer Morte.<\/p>\n\n\n\n<p>Mortels, mortelles, jet\u00e9s comme d\u00e9s<br>sur le mortel tapis des dieux lass\u00e9s.<\/p>\n\n\n\n<p>Si petits si pass\u00e9s si lointains et perdus par leurs m\u00e8res<br>et mortes elles aussi d\u2019avoir attendu sans revivre<br>la mortelle joie qu\u2019ils tenaient dans leurs mains<br>d\u00e9sormais petite s\u00e8che et belle<br>comme fleur immortelle. <\/p>\n\n\n\n<p>******<\/p>\n\n\n\n<p><strong>oligarchies<\/strong><\/p>\n\n\n\n<p><\/p>\n\n\n\n<p> petit terrien dans ton cabinet<br>de curiosit\u00e9s c\u2019est kekchose<br>l\u2019enfance a laiss\u00e9 filer<br>le chien wouaff et les madeleines<br>maintenant tu collectionnes<br>les nombres et chiffres-providence<br>le lubrifiant pour avaler les couleuvres<br>la lysopa\u00efne apr\u00e8s pour calmer la gorge.<br>la foudre qui te faisait peur<br>mena\u00e7ait l\u2019arbre du jardin<br>elle s\u2019appelle maintenant urssaf<br>caf, ameli (sans e), et brandit<br>sa menace tellurique<br>de disparition individuelle<br>de petit glissement de terrain perso. <\/p>\n","protected":false},"excerpt":{"rendered":"<p>mot d&rsquo;automne le mot que j\u2019emploie est h\u00e9rit\u00e9du temps pass\u00e9des choses si souvent reditess\u2019il a dur\u00e9 c\u2019est qu\u2019il le m\u00e9ritaittouchant d\u2019un doigt la r\u00e9alit\u00e9d\u00e9sir\u00e9e, la prenant dans sa petite pogne aussi servant \u00e0 l\u2019\u00e9viter. comme une bulle autour d\u2019elle je (&hellip;)<\/p>\n<p><a href=\"https:\/\/www.angle-vivant.net\/claireceira\/avec-dix-mots\/\">Read the rest of this entry &raquo;<\/a><\/p>\n","protected":false},"author":1,"featured_media":0,"comment_status":"open","ping_status":"closed","sticky":false,"template":"","format":"standard","meta":{"footnotes":""},"categories":[1],"tags":[],"class_list":["post-3491","post","type-post","status-publish","format-standard","hentry","category-non-classe"],"_links":{"self":[{"href":"https:\/\/www.angle-vivant.net\/claireceira\/wp-json\/wp\/v2\/posts\/3491","targetHints":{"allow":["GET"]}}],"collection":[{"href":"https:\/\/www.angle-vivant.net\/claireceira\/wp-json\/wp\/v2\/posts"}],"about":[{"href":"https:\/\/www.angle-vivant.net\/claireceira\/wp-json\/wp\/v2\/types\/post"}],"author":[{"embeddable":true,"href":"https:\/\/www.angle-vivant.net\/claireceira\/wp-json\/wp\/v2\/users\/1"}],"replies":[{"embeddable":true,"href":"https:\/\/www.angle-vivant.net\/claireceira\/wp-json\/wp\/v2\/comments?post=3491"}],"version-history":[{"count":11,"href":"https:\/\/www.angle-vivant.net\/claireceira\/wp-json\/wp\/v2\/posts\/3491\/revisions"}],"predecessor-version":[{"id":3508,"href":"https:\/\/www.angle-vivant.net\/claireceira\/wp-json\/wp\/v2\/posts\/3491\/revisions\/3508"}],"wp:attachment":[{"href":"https:\/\/www.angle-vivant.net\/claireceira\/wp-json\/wp\/v2\/media?parent=3491"}],"wp:term":[{"taxonomy":"category","embeddable":true,"href":"https:\/\/www.angle-vivant.net\/claireceira\/wp-json\/wp\/v2\/categories?post=3491"},{"taxonomy":"post_tag","embeddable":true,"href":"https:\/\/www.angle-vivant.net\/claireceira\/wp-json\/wp\/v2\/tags?post=3491"}],"curies":[{"name":"wp","href":"https:\/\/api.w.org\/{rel}","templated":true}]}}