{"id":3467,"date":"2020-05-14T10:03:07","date_gmt":"2020-05-14T10:03:07","guid":{"rendered":"https:\/\/www.angle-vivant.net\/claireceira\/?p=3467"},"modified":"2020-09-20T13:27:15","modified_gmt":"2020-09-20T13:27:15","slug":"focale-20","status":"publish","type":"post","link":"https:\/\/www.angle-vivant.net\/claireceira\/focale-20\/","title":{"rendered":"focale (20)"},"content":{"rendered":"<p>Tout au fond derri\u00e8re, dans un ciel blanc d\u2019hiver, on devine la coupole des Invalides. Lui est au premier plan avec son \u0153il de travers, sa pipe. La pens\u00e9e a model\u00e9 ce visage, les rides de ce front, quelque chose d\u2019amer et de tourment\u00e9 par une qu\u00eate. Toute recherche de s\u00e9duction semble absente, mais la lourde veste de prol\u00e9taire, le cache col, la pipe, disent quelque chose. Il ne regarde pas son interlocuteur, pensif.<br \/>\nC\u2019est la pens\u00e9e, l\u2019intelligence qui porte le pouvoir de s\u00e9duction\u2026 et avec quelle intensit\u00e9!<br \/>\nComment a-t-il \u00e9t\u00e9 regard\u00e9, tout petit enfant, qu\u2019y avait-il dans les visages pench\u00e9s sur lui?<br \/>\nIl a un \u0153il aveugle de n\u2019avoir jamais pu servir, l\u2019autre regarde un lointain, un absolu, la v\u00e9rit\u00e9?<br \/>\nJe ne l\u2019aime pas, je ne l\u2019ai jamais aim\u00e9.<br \/>\nJ\u2019ai \u00e9cout\u00e9 hier une archive o\u00f9 il parlait de \u00abHuis clos\u00bb. Dans la pi\u00e8ce, il n\u2019y a pas de miroir, disait-il, et c\u2019est \u00e7a l\u2019enfer : d\u00e9pendre du regard des autres pour exister.<\/p>\n","protected":false},"excerpt":{"rendered":"<p>Tout au fond derri\u00e8re, dans un ciel blanc d\u2019hiver, on devine la coupole des Invalides. Lui est au premier plan avec son \u0153il de travers, sa pipe. La pens\u00e9e a model\u00e9 ce visage, les rides de ce front, quelque chose (&hellip;)<\/p>\n<p><a href=\"https:\/\/www.angle-vivant.net\/claireceira\/focale-20\/\">Read the rest of this entry &raquo;<\/a><\/p>\n","protected":false},"author":1,"featured_media":0,"comment_status":"open","ping_status":"closed","sticky":false,"template":"","format":"standard","meta":{"footnotes":""},"categories":[1],"tags":[],"class_list":["post-3467","post","type-post","status-publish","format-standard","hentry","category-non-classe"],"_links":{"self":[{"href":"https:\/\/www.angle-vivant.net\/claireceira\/wp-json\/wp\/v2\/posts\/3467","targetHints":{"allow":["GET"]}}],"collection":[{"href":"https:\/\/www.angle-vivant.net\/claireceira\/wp-json\/wp\/v2\/posts"}],"about":[{"href":"https:\/\/www.angle-vivant.net\/claireceira\/wp-json\/wp\/v2\/types\/post"}],"author":[{"embeddable":true,"href":"https:\/\/www.angle-vivant.net\/claireceira\/wp-json\/wp\/v2\/users\/1"}],"replies":[{"embeddable":true,"href":"https:\/\/www.angle-vivant.net\/claireceira\/wp-json\/wp\/v2\/comments?post=3467"}],"version-history":[{"count":4,"href":"https:\/\/www.angle-vivant.net\/claireceira\/wp-json\/wp\/v2\/posts\/3467\/revisions"}],"predecessor-version":[{"id":3483,"href":"https:\/\/www.angle-vivant.net\/claireceira\/wp-json\/wp\/v2\/posts\/3467\/revisions\/3483"}],"wp:attachment":[{"href":"https:\/\/www.angle-vivant.net\/claireceira\/wp-json\/wp\/v2\/media?parent=3467"}],"wp:term":[{"taxonomy":"category","embeddable":true,"href":"https:\/\/www.angle-vivant.net\/claireceira\/wp-json\/wp\/v2\/categories?post=3467"},{"taxonomy":"post_tag","embeddable":true,"href":"https:\/\/www.angle-vivant.net\/claireceira\/wp-json\/wp\/v2\/tags?post=3467"}],"curies":[{"name":"wp","href":"https:\/\/api.w.org\/{rel}","templated":true}]}}