{"id":3454,"date":"2020-02-04T17:49:55","date_gmt":"2020-02-04T17:49:55","guid":{"rendered":"https:\/\/www.angle-vivant.net\/claireceira\/?p=3454"},"modified":"2020-02-23T08:41:19","modified_gmt":"2020-02-23T08:41:19","slug":"focale-18","status":"publish","type":"post","link":"https:\/\/www.angle-vivant.net\/claireceira\/focale-18\/","title":{"rendered":"focale (18)"},"content":{"rendered":"<p>Tu es sorti malgr\u00e9 le froid, malgr\u00e9 cette humidit\u00e9 sur les trottoirs qui refl\u00e8te la lumi\u00e8re d\u2019un ciel bas. Sur le boulevard, il y a un double ligne d\u2019arbres, \u00e9lagu\u00e9s jusqu\u2019\u00e0 ressembler \u00e0 des morts verticaux, bras fig\u00e9s vers le ciel. Entre eux, si \u00e9loign\u00e9s de leur nature, si enserr\u00e9s de grilles, si r\u00e9duits \u00e0 la similitude, on voit la lumi\u00e8re blanche qui fait comme un chemin \u00e9troit. Et devant  toi, \u00e0 contre-jour, un homme massif qui porte une cape, un chapeau melon et un parapluie. Il vient de tourner vers toi son visage l\u00e9onin.<br \/>\nEn fait, tu le suivais depuis pas mal de temps, accordant dans la rue d\u00e9serte ton pas au sien, comme si tu h\u00e9sitais \u00e0 le d\u00e9passer, \u00e0 prendre le risque de te trouver un moment \u00e0 sa hauteur. Et puis il marchait \u00e0 la m\u00eame vitesse que toi, \u00e0 peu pr\u00e8s.<br \/>\nIl y avait quelque chose de comique dans cette silhouette&nbsp;: le rond du chapeau, la cape semblable \u00e0 une grande tulipe noire renvers\u00e9e, le reflet vague de l\u2019ensemble sur le bitume mouill\u00e9. Tu avais des chaussures bruyantes, et ton pas il ne pouvait pas l\u2019ignorer, qui le suivait. Mais quoi de plus banal ? : on marche dans la rue un dimanche d\u2019hiver, il fait un temps d\u00e9courageant, quelqu\u2019un marche derri\u00e8re vous.<br \/>\nPourtant, il ne devait pas trouver cela si anodin. Apr\u00e8s cinq minutes peut-\u00eatre de cette progression \u00e9quidistante, il s\u2019est arr\u00eat\u00e9, il a pivot\u00e9 sur ses talons et il t\u2019a attendu. Il n\u2019y avait rien \u00e0 craindre: un vieil homme \u00e0 moustache, qui ressemblait un peu \u00e0 Cl\u00e9menceau, attendait que tu arrives devant lui, passant ordinaire. Toi tu regardais \u00e0 droite &#8211; sans aucun naturel &#8211; les boutiques ferm\u00e9es, pour ne pas affronter son regard braqu\u00e9. Pas moyen de bifurquer dans une rue perpendiculaire. En arrivant devant lui tu as bien \u00e9t\u00e9 forc\u00e9 de le regarder. Alors il t\u2019a pouss\u00e9, de son poing gant\u00e9 qui tenait le parapluie. Une pouss\u00e9e dans la poitrine, comme on \u00e9carte un obstacle, comme une agression d\u2019enfants qui n\u2019ont pas encore de langage. Tu as fait un pas d\u00e9s\u00e9quilibr\u00e9, un \u00e9cart, puis tu as continu\u00e9 \u00e0 marcher, \u00e0 peine plus vite, en le d\u00e9passant.<br \/>\nTout cela \u00e9tait si primitif, si \u00e9loign\u00e9 des codes. Cela allait avec son regard enfonc\u00e9 et br\u00fblant. Tu t\u2019es h\u00e2t\u00e9 pour retrouver un lieu habit\u00e9, des amis \u00e0 qui raconter cette histoire sans parole ni compr\u00e9hension.<\/p>\n","protected":false},"excerpt":{"rendered":"<p>Tu es sorti malgr\u00e9 le froid, malgr\u00e9 cette humidit\u00e9 sur les trottoirs qui refl\u00e8te la lumi\u00e8re d\u2019un ciel bas. Sur le boulevard, il y a un double ligne d\u2019arbres, \u00e9lagu\u00e9s jusqu\u2019\u00e0 ressembler \u00e0 des morts verticaux, bras fig\u00e9s vers le (&hellip;)<\/p>\n<p><a href=\"https:\/\/www.angle-vivant.net\/claireceira\/focale-18\/\">Read the rest of this entry &raquo;<\/a><\/p>\n","protected":false},"author":1,"featured_media":0,"comment_status":"open","ping_status":"closed","sticky":false,"template":"","format":"standard","meta":{"footnotes":""},"categories":[1],"tags":[],"class_list":["post-3454","post","type-post","status-publish","format-standard","hentry","category-non-classe"],"_links":{"self":[{"href":"https:\/\/www.angle-vivant.net\/claireceira\/wp-json\/wp\/v2\/posts\/3454","targetHints":{"allow":["GET"]}}],"collection":[{"href":"https:\/\/www.angle-vivant.net\/claireceira\/wp-json\/wp\/v2\/posts"}],"about":[{"href":"https:\/\/www.angle-vivant.net\/claireceira\/wp-json\/wp\/v2\/types\/post"}],"author":[{"embeddable":true,"href":"https:\/\/www.angle-vivant.net\/claireceira\/wp-json\/wp\/v2\/users\/1"}],"replies":[{"embeddable":true,"href":"https:\/\/www.angle-vivant.net\/claireceira\/wp-json\/wp\/v2\/comments?post=3454"}],"version-history":[{"count":3,"href":"https:\/\/www.angle-vivant.net\/claireceira\/wp-json\/wp\/v2\/posts\/3454\/revisions"}],"predecessor-version":[{"id":3459,"href":"https:\/\/www.angle-vivant.net\/claireceira\/wp-json\/wp\/v2\/posts\/3454\/revisions\/3459"}],"wp:attachment":[{"href":"https:\/\/www.angle-vivant.net\/claireceira\/wp-json\/wp\/v2\/media?parent=3454"}],"wp:term":[{"taxonomy":"category","embeddable":true,"href":"https:\/\/www.angle-vivant.net\/claireceira\/wp-json\/wp\/v2\/categories?post=3454"},{"taxonomy":"post_tag","embeddable":true,"href":"https:\/\/www.angle-vivant.net\/claireceira\/wp-json\/wp\/v2\/tags?post=3454"}],"curies":[{"name":"wp","href":"https:\/\/api.w.org\/{rel}","templated":true}]}}