{"id":3447,"date":"2020-01-20T18:20:05","date_gmt":"2020-01-20T18:20:05","guid":{"rendered":"https:\/\/www.angle-vivant.net\/claireceira\/?p=3447"},"modified":"2020-12-07T23:19:32","modified_gmt":"2020-12-07T23:19:32","slug":"dreamed-a-dream-2","status":"publish","type":"post","link":"https:\/\/www.angle-vivant.net\/claireceira\/dreamed-a-dream-2\/","title":{"rendered":"dreamed a dream"},"content":{"rendered":"<p>Ce que je voulais \u00e9crire \u00e9tait d&rsquo;abord li\u00e9 \u00e0 une erreur : \u00e0 cause de la reprise de la chanson par les Dubliners, les Pogues, mais surtout parce que je l&rsquo;avais entendue chanter pour la premi\u00e8re fois par un irlandais, j&rsquo;ai cru que \u00ab\u00a0Dirty old town\u00a0\u00bb \u00e9tait une chanson irlandaise, qu&rsquo;Ewan Maccoll l&rsquo;\u00e9tait.<br \/>\nOr il est n\u00e9 en Angleterre, d&rsquo;origine \u00e9cossaise, et il y a toujours v\u00e9cu. Ce qu&rsquo;il chante, avec l&rsquo;accent, la voix, la musique de ses origines, ce sont les luttes d&rsquo;une ville ouvri\u00e8re anglaise. Un celte chante les luttes des pauvres, les lieux disgraci\u00e9s o\u00f9 ils ont d\u00fb venir vivre, les montagnes alentour, les errances, les histoires d&rsquo;amour.<br \/>\nEn y r\u00e9fl\u00e9chissant je me suis dit que j&rsquo;allais suivre ces deux pistes, celle du d\u00e9racinement et de la fid\u00e9lit\u00e9, celle des combats, et que finalement ce serait en accord avec son chant.<\/p>\n<p>&#8212;&#8212;&#8212;&#8212;&#8212;&#8212;&#8212;&#8212;&#8212;&#8212;&#8211;<\/p>\n<p>Voil\u00e0 que je te retrouve, monde enfoui, r roul\u00e9s du ga\u00e9lique, corps \u00e0 la peau blanche,<i> hair <\/i> noir, yeux d\u2019eau.<br \/>\nun monde d&rsquo;herbe et de ciel bas, de pierres grises puissamment imbriqu\u00e9es dans la nuit des temps, auquel je n\u2019appartiens pas, que je ne connais pas et n\u2019ai pas go\u00fbt\u00e9, o\u00f9 je ne suis pas n\u00e9e, o\u00f9 je n\u2019ai pas habit\u00e9.<br \/>\nfid\u00e8le aux go\u00fbts que je n\u2019ai pas go\u00fbt\u00e9s, aux chants que je n\u2019ai pas entendu chanter,<br \/>\n\u00e0 la pauvret\u00e9 perdue avant ma propre m\u00e9moire, \u00e0 un pays o\u00f9 tombe la nuit sans moi,<br \/>\n\u00e0 une langue que je n&rsquo;entends jamais parler dans la rue<br \/>\net qui pourtant roule dans le tambour de mon oreille &#8211; heurts et fluidit\u00e9, raucit\u00e9s myst\u00e9rieuses &#8211; me laissant sur son bord.<br \/>\nr\u00eave de raclures d\u2019or qui s&rsquo;\u00e9teignent au bord d\u2019un marais tourbeux, de hachures de pluie au-dessus, qui vont loin en haut appelant le regard.<br \/>\nje vois les traits couch\u00e9s des accents, comme des serrures minuscules, dans la parole, sur le nom.<\/p>\n<p><i>&#8212;&#8212;&#8212;&#8212;&#8212;&#8212;<\/i><\/p>\n<p><i>tout \u00e7a semblant s&rsquo;\u00eatre dissous dans les villes, apr\u00e8s la faim et l\u2019exil &#8211; mais pas vraiment dissous, non &#8211; ayant fait un pas en arri\u00e8re et laiss\u00e9 le devant de la sc\u00e8ne \u00e0 des devoirs de survie, \u00e0 des pauvret\u00e9s moins radicales, ou \u00e0 des guerres de cr\u00e9puscule urbain, cruelles, des corps \u00e9cras\u00e9s dans des files d&rsquo;attente, ou dans la boue.<br \/>\nquand on quitte son pays on doit devenir un alchimiste int\u00e9rieur, pour faire un alliage entre ce qui ne sera pas oubli\u00e9 et ce qu\u2019il va falloir vivre.<\/i><\/p>\n<p>&#8212;&#8212;&#8212;&#8212;&#8212;&#8212;-<\/p>\n<p>et plus loin encore, partout\u00a0: juifs, celtes, gitans, peuples de la harpe ou du violon, du tr\u00e9ma et de l&rsquo;accent, du chant qui d\u00e9chire et de l&rsquo;humour qui crache &#8211; sa force dans la d\u00e9rision du monde &#8211; peuples destitu\u00e9s.<br \/>\nchass\u00e9s par la longue faucheuse de leurs minuscules maisons, des champs caillouteux, des cours grises, tuberculeux, entour\u00e9s de chiffons, je vois vos fils ces gar\u00e7ons maigres, je sens leur nostalgie. peuples des diaspora o\u00f9 l&rsquo;on part sans rien prendre, sinon ses petits enfants et ses vieillards. o\u00f9 l&rsquo;on n&#8217;emporte que ce qu&rsquo;on a dans la t\u00eate et sur le corps, serr\u00e9 de pr\u00e8s par la peur. peuples des titanics de caoutchouc, des errances vides sur une mer qu&rsquo;on ne conna\u00eet pas, sans ports ouverts, des marches en files tremp\u00e9es le long des routes.<br \/>\nvoici que nous vous revoyons, et les enfants pleurent de froid. gibiers de toutes les polices, de toutes les erreurs et les terreurs du monde, de tous les voleurs, gibiers de camps.<\/p>\n<p>&#8212;&#8212;&#8212;&#8212;&#8212;&#8212;&#8212;-<\/p>\n<p>d\u00e8s que vous avez les pieds pos\u00e9s dans un coin de ville, la marche termin\u00e9e, d\u00e8s que vous vous \u00eates install\u00e9s dans les petites grottes d\u2019immeubles insalubres, se d\u00e9versant dans la rue, vous retrouvez vos talents.<br \/>\nmusiques et danses qui s&rsquo;acc\u00e9l\u00e8rent jusqu&rsquo;\u00e0 ce que le chagrin s&rsquo;envole, par-dessus la t\u00eate, ivresse. langue que les autres ne comprennent pas.<br \/>\nfoi chevill\u00e9e au lieu central de la survie, avec ses mots, ses rites et ses rassemblements parfois clandestins.<br \/>\nvous allez chercher du travail, vous le trouvez, puis un jour le perdez. vous perdez peu \u00e0 peu la vie.<br \/>\nvos fils, certains, se mettent \u00e0 chanter, \u00e0 \u00e9crire&#8230;<\/p>\n<p>&#8212;&#8212;&#8212;&#8212;&#8212;&#8212;&#8212;&#8211;<\/p>\n<p>pourquoi ces chants ont-ils une telle puissance sur tous, pourquoi leurs cris sont-ils si profonds, si violents et si subtils, accord\u00e9s \u00e0 la v\u00e9rit\u00e9 des r\u00e8gles illisibles du monde, tel qu&rsquo;il va ? cette alliance de l&rsquo;\u00e9clat et du sourd, du noir absolu et de la lumi\u00e8re des yeux, du sang des l\u00e8vres, du rire et de la mort. de quelle terre avons-nous \u00e9t\u00e9 chass\u00e9s pour pouvoir les entendre ainsi au plus central de soi ?\u00a0notre propre personne, de quelle vraie terre, de quelle appartenance a-t-elle \u00e9t\u00e9 priv\u00e9e ?<br \/>\nvotre malheur, vous l&rsquo;offrez \u00e0 nos sens perdus, pour que nous retrouvions le n\u00f4tre, et notre col\u00e8re aussi&#8230;.nous sommes spoli\u00e9s de nos personnes, de nos amours et du vrai temps de notre vie. nous sommes priv\u00e9s de notre honte, de derri\u00e8re nos fen\u00eatres elle nous revient \u00e0 travers vos yeux. vous avez march\u00e9 pour nous redonner la clef de la porte, et vous chantez pour que nous sachions\u00a0que la mort n&rsquo;est pas si grave.<\/p>\n","protected":false},"excerpt":{"rendered":"<p>Ce que je voulais \u00e9crire \u00e9tait d&rsquo;abord li\u00e9 \u00e0 une erreur : \u00e0 cause de la reprise de la chanson par les Dubliners, les Pogues, mais surtout parce que je l&rsquo;avais entendue chanter pour la premi\u00e8re fois par un irlandais, (&hellip;)<\/p>\n<p><a href=\"https:\/\/www.angle-vivant.net\/claireceira\/dreamed-a-dream-2\/\">Read the rest of this entry &raquo;<\/a><\/p>\n","protected":false},"author":1,"featured_media":0,"comment_status":"open","ping_status":"closed","sticky":false,"template":"","format":"standard","meta":{"footnotes":""},"categories":[1],"tags":[],"class_list":["post-3447","post","type-post","status-publish","format-standard","hentry","category-non-classe"],"_links":{"self":[{"href":"https:\/\/www.angle-vivant.net\/claireceira\/wp-json\/wp\/v2\/posts\/3447","targetHints":{"allow":["GET"]}}],"collection":[{"href":"https:\/\/www.angle-vivant.net\/claireceira\/wp-json\/wp\/v2\/posts"}],"about":[{"href":"https:\/\/www.angle-vivant.net\/claireceira\/wp-json\/wp\/v2\/types\/post"}],"author":[{"embeddable":true,"href":"https:\/\/www.angle-vivant.net\/claireceira\/wp-json\/wp\/v2\/users\/1"}],"replies":[{"embeddable":true,"href":"https:\/\/www.angle-vivant.net\/claireceira\/wp-json\/wp\/v2\/comments?post=3447"}],"version-history":[{"count":3,"href":"https:\/\/www.angle-vivant.net\/claireceira\/wp-json\/wp\/v2\/posts\/3447\/revisions"}],"predecessor-version":[{"id":3506,"href":"https:\/\/www.angle-vivant.net\/claireceira\/wp-json\/wp\/v2\/posts\/3447\/revisions\/3506"}],"wp:attachment":[{"href":"https:\/\/www.angle-vivant.net\/claireceira\/wp-json\/wp\/v2\/media?parent=3447"}],"wp:term":[{"taxonomy":"category","embeddable":true,"href":"https:\/\/www.angle-vivant.net\/claireceira\/wp-json\/wp\/v2\/categories?post=3447"},{"taxonomy":"post_tag","embeddable":true,"href":"https:\/\/www.angle-vivant.net\/claireceira\/wp-json\/wp\/v2\/tags?post=3447"}],"curies":[{"name":"wp","href":"https:\/\/api.w.org\/{rel}","templated":true}]}}