{"id":3401,"date":"2019-10-15T12:52:36","date_gmt":"2019-10-15T12:52:36","guid":{"rendered":"https:\/\/www.angle-vivant.net\/claireceira\/?p=3401"},"modified":"2019-11-12T08:30:24","modified_gmt":"2019-11-12T08:30:24","slug":"focale-16","status":"publish","type":"post","link":"https:\/\/www.angle-vivant.net\/claireceira\/focale-16\/","title":{"rendered":"focale (16)"},"content":{"rendered":"<p>Qu\u2019est-ce qu\u2019il faisait l\u00e0 ce type, jeune<br \/>\nblond, beau et riche, avec son appareil photo ? Qu\u2019est-<br \/>\nce qu\u2019il faisait dans notre <em>calle<\/em>, o\u00f9 notre mis\u00e8re<br \/>\nva et vient tous les jours\u00a0?La fille au chignon<br \/>\nl\u2019a regard\u00e9, et le gar\u00e7on assis sur le trottoir,<br \/>\nil le regardait aussi\u2026(ou bien il me regardait moi,<br \/>\ncherchant \u00e0 comprendre). Mais moi, l\u2019homme aux bras imaginaires<br \/>\nmoi qui ai fait fabriquer deux bo\u00eetes de bois fin<br \/>\nlaqu\u00e9, brillant, pour cacher l\u2019invisibilit\u00e9 de mes deux bras<br \/>\nje ne l\u2019ai pas regard\u00e9. J\u2019ai d\u00e9tourn\u00e9 de<br \/>\nlui mon visage, car je ne voulais pas lui offrir<br \/>\nla douleur de mes yeux. Ainsi il n\u2019a emport\u00e9<br \/>\nque le reflet du soleil sur mes bo\u00eetes, ma casquette,<br \/>\nmon menton et la fente si serr\u00e9e de ma bouche.<br \/>\nIl cherchait la douleur et la beaut\u00e9, cet ange charognard<br \/>\naux yeux bleus. Il n\u2019avait pas assez souffert, cherchait.<\/p>\n<p>\u2014\u2014-<\/p>\n<p><em>La lumi\u00e8re tombe droite dans la rue, elle se refl\u00e8te sur les sortes de bo\u00eetes vernies que porte l\u2019homme de chaque c\u00f4t\u00e9 de son torse \u00e9troit, et \u00e9claire son visage par en dessous. Il a un de ces vieux visages secs, petit homme aux aguets.<br \/>\nLa visi\u00e8re de sa casquette aussi est \u00e9clair\u00e9e par en dessous, ainsi que son regard inquiet, ses yeux d\u00e9tourn\u00e9s. \u00c0 quoi servent ces bo\u00eetes oblongues ? On pourrait croire qu\u2019il y cache ses bras, ou plut\u00f4t des moignons ? L\u2018id\u00e9e inv\u00e9rifiable plane et arr\u00eate l\u2019esprit, obscurcit la sc\u00e8ne enti\u00e8re, et sa noire lumi\u00e8re le fait ressortir plus nettement sur le fond un peu flou. On dirait que la lumi\u00e8re du ciel n\u2019est l\u00e0 que pour \u00e9craser ses \u00e9paules, v\u00eatues d\u2019une veste grise, mais qu\u2019un autre \u00e9clat venu de l\u2019enfer r\u00e9v\u00e8le par ces reflets son visage, sa douleur sans rem\u00e8de, ses yeux encore t\u00e9moins de tout, de tout le reste de sa vie \u00e0 vivre.<\/em><\/p>\n<p>\u2014\u2014-<\/p>\n<p>Je marche tout le temps aux aguets, rien d\u2019autre ne m\u2019int\u00e9resse que \u00ab voir \u00bb. L\u2019appareil n\u2019est l\u00e0 que comme un Jiminy Cricket, un autre moi m\u00e9canique, qui m\u2019emp\u00eache de perdre du temps, qui met le temps de c\u00f4t\u00e9.<br \/>\nL\u2019homme, je l\u2019ai vu de dos, j\u2019ai mis un instant \u00e0 comprendre, j\u2019ai compris ce qui lui \u00e9tait arriv\u00e9, ce qu\u2019il faisait, la lumi\u00e8re \u00e9tait puissante comme sur une sc\u00e8ne, je l\u2019ai doubl\u00e9, je me suis retourn\u00e9 et je l\u2019ai pris.<br \/>\nProie au-del\u00e0 de la chasse, roi d\u00e9chu sans royaume, il a d\u00e9tourn\u00e9 la t\u00eate. J\u2019ai lu comme un livre entier dans ce mouvement, comme s\u2019il m\u2019apprenait quelque chose de ma hantise. Les autres gens de la rue me regardaient aussi, visage vide, eux qui avaient appris depuis si longtemps \u00e0 l\u2019\u00e9pargner, \u00e0 l\u2019entourer de leurs non-regards. <\/p>\n","protected":false},"excerpt":{"rendered":"<p>Qu\u2019est-ce qu\u2019il faisait l\u00e0 ce type, jeune blond, beau et riche, avec son appareil photo ? Qu\u2019est- ce qu\u2019il faisait dans notre calle, o\u00f9 notre mis\u00e8re va et vient tous les jours\u00a0?La fille au chignon l\u2019a regard\u00e9, et le gar\u00e7on (&hellip;)<\/p>\n<p><a href=\"https:\/\/www.angle-vivant.net\/claireceira\/focale-16\/\">Read the rest of this entry &raquo;<\/a><\/p>\n","protected":false},"author":1,"featured_media":0,"comment_status":"open","ping_status":"closed","sticky":false,"template":"","format":"standard","meta":{"footnotes":""},"categories":[1],"tags":[],"class_list":["post-3401","post","type-post","status-publish","format-standard","hentry","category-non-classe"],"_links":{"self":[{"href":"https:\/\/www.angle-vivant.net\/claireceira\/wp-json\/wp\/v2\/posts\/3401","targetHints":{"allow":["GET"]}}],"collection":[{"href":"https:\/\/www.angle-vivant.net\/claireceira\/wp-json\/wp\/v2\/posts"}],"about":[{"href":"https:\/\/www.angle-vivant.net\/claireceira\/wp-json\/wp\/v2\/types\/post"}],"author":[{"embeddable":true,"href":"https:\/\/www.angle-vivant.net\/claireceira\/wp-json\/wp\/v2\/users\/1"}],"replies":[{"embeddable":true,"href":"https:\/\/www.angle-vivant.net\/claireceira\/wp-json\/wp\/v2\/comments?post=3401"}],"version-history":[{"count":10,"href":"https:\/\/www.angle-vivant.net\/claireceira\/wp-json\/wp\/v2\/posts\/3401\/revisions"}],"predecessor-version":[{"id":3423,"href":"https:\/\/www.angle-vivant.net\/claireceira\/wp-json\/wp\/v2\/posts\/3401\/revisions\/3423"}],"wp:attachment":[{"href":"https:\/\/www.angle-vivant.net\/claireceira\/wp-json\/wp\/v2\/media?parent=3401"}],"wp:term":[{"taxonomy":"category","embeddable":true,"href":"https:\/\/www.angle-vivant.net\/claireceira\/wp-json\/wp\/v2\/categories?post=3401"},{"taxonomy":"post_tag","embeddable":true,"href":"https:\/\/www.angle-vivant.net\/claireceira\/wp-json\/wp\/v2\/tags?post=3401"}],"curies":[{"name":"wp","href":"https:\/\/api.w.org\/{rel}","templated":true}]}}