{"id":3389,"date":"2019-09-30T14:38:17","date_gmt":"2019-09-30T14:38:17","guid":{"rendered":"https:\/\/www.angle-vivant.net\/claireceira\/?p=3389"},"modified":"2019-10-01T08:53:25","modified_gmt":"2019-10-01T08:53:25","slug":"duo","status":"publish","type":"post","link":"https:\/\/www.angle-vivant.net\/claireceira\/duo\/","title":{"rendered":"duo"},"content":{"rendered":"<p>1<\/p>\n<p>Petit-d\u00e9sir est derri\u00e8re nous<br \/>\nblotti contre le dos aveugle<br \/>\nun visage de faune enfoui<br \/>\ndans l\u2019encoignure de l\u2019\u00e9paule<br \/>\nles yeux clos, respirant<br \/>\nau ras du muscle trap\u00e8ze.<br \/>\nPetit-d\u00e9sir appuie sa bouche<br \/>\ncontre la peau et l\u2019os sous-jacent<br \/>\nserre ses bras autour de la poitrine<br \/>\ng\u00eane \u2013 si peu \u2013 la respiration.<br \/>\nparfois on prend dans nos mains ses mains<br \/>\naux ongles fendill\u00e9s, et froids<br \/>\nmais c\u2019est notre d\u00e9sir<br \/>\n\u2013 c\u2019est nous \u2013<br \/>\nnos mains ne tiennent rien du tout\u2026.<br \/>\nTout est imaginaire et post\u00e9rieur, \u00e9ternel.<br \/>\nPetit-d\u00e9sir chante un air<br \/>\nqui vous prend la t\u00eate.<\/p>\n<p>2<\/p>\n<p>Petite-d\u00e9sire dort loin<br \/>\nou peut-\u00eatre elle a perdu la vie<br \/>\nelle court en dormant dans des territoires<br \/>\no\u00f9 elle est seule ses mains rament dans l\u2019air<br \/>\nses cheveux font une toile<br \/>\ndevant ses yeux ferm\u00e9s.<br \/>\nelle fait exactement ce qu\u2019elle veut sa voix est fine<br \/>\nelle a tu\u00e9 cruellement un escargot, un jour o\u00f9 elle \u00e9tait<br \/>\nenvahie par le myst\u00e8re sexuel.<br \/>\nquand elle n\u2019est pas seule elle est soumise<br \/>\nelle ne court que dans ces territoires.<\/p>\n<p>3<\/p>\n<p>lui et elle<br \/>\nl\u2019imbriqu\u00e9 et l\u2019exil\u00e9e, leur duo<br \/>\nun jet d\u2019eau dans leur bassin<br \/>\nleur donne ce qu\u2019ils boivent<br \/>\nce qui les baigne.<br \/>\nils dorment ou murmurent<br \/>\ndans la bizarre chute du jour.<br \/>\nl\u2019eau ne peux tarir<br \/>\nne cessera ni de jaillir<br \/>\nni d&rsquo;\u00e9largir ses cercles concentriques<br \/>\nverticale et dress\u00e9e<br \/>\nsur leur union horizontale<br \/>\nl\u00e0<br \/>\no\u00f9 ils flottent toujours. <\/p>\n","protected":false},"excerpt":{"rendered":"<p>1 Petit-d\u00e9sir est derri\u00e8re nous blotti contre le dos aveugle un visage de faune enfoui dans l\u2019encoignure de l\u2019\u00e9paule les yeux clos, respirant au ras du muscle trap\u00e8ze. Petit-d\u00e9sir appuie sa bouche contre la peau et l\u2019os sous-jacent serre ses (&hellip;)<\/p>\n<p><a href=\"https:\/\/www.angle-vivant.net\/claireceira\/duo\/\">Read the rest of this entry &raquo;<\/a><\/p>\n","protected":false},"author":1,"featured_media":0,"comment_status":"open","ping_status":"closed","sticky":false,"template":"","format":"standard","meta":{"footnotes":""},"categories":[1],"tags":[],"class_list":["post-3389","post","type-post","status-publish","format-standard","hentry","category-non-classe"],"_links":{"self":[{"href":"https:\/\/www.angle-vivant.net\/claireceira\/wp-json\/wp\/v2\/posts\/3389","targetHints":{"allow":["GET"]}}],"collection":[{"href":"https:\/\/www.angle-vivant.net\/claireceira\/wp-json\/wp\/v2\/posts"}],"about":[{"href":"https:\/\/www.angle-vivant.net\/claireceira\/wp-json\/wp\/v2\/types\/post"}],"author":[{"embeddable":true,"href":"https:\/\/www.angle-vivant.net\/claireceira\/wp-json\/wp\/v2\/users\/1"}],"replies":[{"embeddable":true,"href":"https:\/\/www.angle-vivant.net\/claireceira\/wp-json\/wp\/v2\/comments?post=3389"}],"version-history":[{"count":4,"href":"https:\/\/www.angle-vivant.net\/claireceira\/wp-json\/wp\/v2\/posts\/3389\/revisions"}],"predecessor-version":[{"id":3397,"href":"https:\/\/www.angle-vivant.net\/claireceira\/wp-json\/wp\/v2\/posts\/3389\/revisions\/3397"}],"wp:attachment":[{"href":"https:\/\/www.angle-vivant.net\/claireceira\/wp-json\/wp\/v2\/media?parent=3389"}],"wp:term":[{"taxonomy":"category","embeddable":true,"href":"https:\/\/www.angle-vivant.net\/claireceira\/wp-json\/wp\/v2\/categories?post=3389"},{"taxonomy":"post_tag","embeddable":true,"href":"https:\/\/www.angle-vivant.net\/claireceira\/wp-json\/wp\/v2\/tags?post=3389"}],"curies":[{"name":"wp","href":"https:\/\/api.w.org\/{rel}","templated":true}]}}