{"id":33,"date":"2011-01-31T20:50:00","date_gmt":"2011-01-31T20:50:00","guid":{"rendered":"https:\/\/www.angle-vivant.net\/claireceira\/?p=33"},"modified":"2017-01-04T21:57:58","modified_gmt":"2017-01-04T21:57:58","slug":"dans","status":"publish","type":"post","link":"https:\/\/www.angle-vivant.net\/claireceira\/dans\/","title":{"rendered":"\u00ab\u00a0dans\u00a0\u00bb"},"content":{"rendered":"<p>\u2026dans ce corps habitant la moiti\u00e9 masculine du monde. le repli des jambes, les muscles des loges post\u00e9rieures, la circulation de l\u2019\u00e9nergie nerveuse au moment du saut, la sensation au moment o\u00f9 elles se d\u00e9tendent. aussi celle des \u00e9paules, de leur \u00e9tendue, leur d\u00e9veloppement sous le poids exact des bras. et ces mains, longues, leur mani\u00e8re de bouger, de prendre.<br \/>\nvivre tout &#8211; juste une journ\u00e9e, pour savoir.<\/p>\n<p>&#8230;l\u2019eau froide quand on boit. remonter le flux qui la porte, le tuyau d\u2019o\u00f9 elle vient. remonter, l\u2019esprit attir\u00e9 comme un poisson minuscule et glac\u00e9 par sa pure unit\u00e9, tandis qu\u2019elle descend et emplit, dans le m\u00eame temps, toute la cavit\u00e9 de la bouche, le haut de l\u2019oesophage, pour un court instant sensible et pr\u00e9sent.<\/p>\n<p>\u2026 dans la p\u00e9nombre d\u2019une chambre, voir seulement le bord d\u2019un lit sur lequel repose un corps endormi.<br \/>\nla jambe et le coude gauche, dans un rel\u00e2chement complet, sur la surface horizontale du matelas, draps repouss\u00e9s. chambre silencieuse \u00e0 part la respiration.<\/p>\n<p>&#8230;la fin d\u2019une journ\u00e9e, les ombres allong\u00e9es, qui semblent s\u2019enfoncer dans la mati\u00e8re vaporeuse et douce des gramin\u00e9es sauvages, sur les talus. ou le petit matin laiteux, l\u2019odeur de l\u2019air juste avant les moissons, comme en attente.<\/p>\n<p>&#8230;la vitesse sur le large ruban d\u2019asphalte, que le soleil couchant teint en rouge. l&rsquo;amplitude des gestes, qui suivent avec nonchalance chaque virage, parce que la route est d\u00e9serte ou presque, doigts \u00e0 peine pos\u00e9s. un l\u00e9ger parfum d\u2019\u00e9glise flotte dehors, de bois br\u00fbl\u00e9, un encens ti\u00e8de et personnel appellant un souvenir.<\/p>\n<p>\u2026.ailleurs : tout s\u2019est \u00e9loign\u00e9. Il est inutile d\u2019en appeler \u00e0 un visage, \u00e0 un regard, \u00e0 une voix. Le regard a gliss\u00e9 et s\u2019est pos\u00e9 en dehors du tableau, du cadre : \u00ab sans titre \u00bb aucun\u2026.. un parc dans lequel on s\u2019est perdu une fois, enfant, avec de sombres dentelles de verdure, des all\u00e9es de gravier sinueuses en surface et le miroir de l\u2019eau dans lequel se mirent des nuages. De l\u2019autre c\u00f4t\u00e9 des bois, \u00e0 peine touch\u00e9s de jaune, un long ravin dans lequel se penchent des ch\u00eanes. Pas d\u2019eau au fond, pas de boue : un coul\u00e9e de terre sableuse couleur de cuir. Le pass\u00e9.<\/p>\n","protected":false},"excerpt":{"rendered":"<p>\u2026dans ce corps habitant la moiti\u00e9 masculine du monde. le repli des jambes, les muscles des loges post\u00e9rieures, la circulation de l\u2019\u00e9nergie nerveuse au moment du saut, la sensation au moment o\u00f9 elles se d\u00e9tendent. aussi celle des \u00e9paules, de (&hellip;)<\/p>\n<p><a href=\"https:\/\/www.angle-vivant.net\/claireceira\/dans\/\">Read the rest of this entry &raquo;<\/a><\/p>\n","protected":false},"author":1,"featured_media":0,"comment_status":"open","ping_status":"open","sticky":false,"template":"","format":"standard","meta":{"footnotes":""},"categories":[13],"tags":[],"class_list":["post-33","post","type-post","status-publish","format-standard","hentry","category-prepositions"],"_links":{"self":[{"href":"https:\/\/www.angle-vivant.net\/claireceira\/wp-json\/wp\/v2\/posts\/33","targetHints":{"allow":["GET"]}}],"collection":[{"href":"https:\/\/www.angle-vivant.net\/claireceira\/wp-json\/wp\/v2\/posts"}],"about":[{"href":"https:\/\/www.angle-vivant.net\/claireceira\/wp-json\/wp\/v2\/types\/post"}],"author":[{"embeddable":true,"href":"https:\/\/www.angle-vivant.net\/claireceira\/wp-json\/wp\/v2\/users\/1"}],"replies":[{"embeddable":true,"href":"https:\/\/www.angle-vivant.net\/claireceira\/wp-json\/wp\/v2\/comments?post=33"}],"version-history":[{"count":3,"href":"https:\/\/www.angle-vivant.net\/claireceira\/wp-json\/wp\/v2\/posts\/33\/revisions"}],"predecessor-version":[{"id":2676,"href":"https:\/\/www.angle-vivant.net\/claireceira\/wp-json\/wp\/v2\/posts\/33\/revisions\/2676"}],"wp:attachment":[{"href":"https:\/\/www.angle-vivant.net\/claireceira\/wp-json\/wp\/v2\/media?parent=33"}],"wp:term":[{"taxonomy":"category","embeddable":true,"href":"https:\/\/www.angle-vivant.net\/claireceira\/wp-json\/wp\/v2\/categories?post=33"},{"taxonomy":"post_tag","embeddable":true,"href":"https:\/\/www.angle-vivant.net\/claireceira\/wp-json\/wp\/v2\/tags?post=33"}],"curies":[{"name":"wp","href":"https:\/\/api.w.org\/{rel}","templated":true}]}}