{"id":3297,"date":"2019-03-19T11:44:28","date_gmt":"2019-03-19T11:44:28","guid":{"rendered":"https:\/\/www.angle-vivant.net\/claireceira\/?p=3297"},"modified":"2019-09-23T08:44:36","modified_gmt":"2019-09-23T08:44:36","slug":"l-1970-2006-2018","status":"publish","type":"post","link":"https:\/\/www.angle-vivant.net\/claireceira\/l-1970-2006-2018\/","title":{"rendered":"le ch\u00e2teau"},"content":{"rendered":"<p>dans le fond du pass\u00e9, o\u00f9 toutes les choses luisent<br \/>\nil y a le vert sombre de cette  prairie  en septembre.<br \/>\nune sieste solitaire<br \/>\nl\u2019odeur de terre et d\u2019herbe \u00e9cras\u00e9e pr\u00e8s du visage<br \/>\nla chaleur du soleil sur la couverture brune<br \/>\nles cailloux qu\u2019on sent sous son corps,<br \/>\nla pente elle-m\u00eame et ce temps de repos qu\u2019on s\u2019accorde.<\/p>\n<p>un peu plus haut, ancien, l\u2019arri\u00e8re du ch\u00e2teau.<\/p>\n<p>j\u2019ai re\u00e7u de tes nouvelles par quelqu\u2019un que je ne connais pas &#8211; ta femme.<br \/>\nj\u2019ai appris que tu \u00e9tais mort au mois de mai.<\/p>\n<p>jamais je ne l\u2019aurais imagin\u00e9, tu semblais si solide sur la derni\u00e8re photo o\u00f9 l\u2019on te voit<br \/>\ns\u00e9rieux et calme, sur le chemin de Compostelle.<br \/>\nje cherche dans mes tiroirs celles que j\u2019avais gard\u00e9es, blanches et grises\u00a0:<br \/>\nle ch\u00e2teau<br \/>\nses communs et ses couloirs, l\u2019escalier de devant, la grande salle \u00e0 manger avec ses<br \/>\nportes-fen\u00eatres et les fresques de singes v\u00eatus \u00e9l\u00e9gamment, la cour de derri\u00e8re serr\u00e9e par la for\u00eat.<\/p>\n<p>cette fin d&rsquo;\u00e9t\u00e9 picarde, l\u2019herbe un peu humide qui d\u00e9roulait son \u00e9tendue au soleil<br \/>\nles nuits d\u00e9j\u00e0 froides<br \/>\nles taillis des bois alentour, et tous ces vieillards<br \/>\nqui ont quitt\u00e9 depuis longtemps la surface du monde.<\/p>\n<p>ainsi<br \/>\nde toi aussi, le monde est d\u00e9sormais vide.<\/p>\n<p>je me souviens de leurs visages, de leurs fa\u00e7ons d\u2019\u00eatre.<br \/>\nle grand feu dans la nuit, et tout le monde assis avec des couvertures sur les \u00e9paules.<br \/>\net cet endroit o\u00f9 l\u2019on terminait la journ\u00e9e, \u00e9clair\u00e9s par la lumi\u00e8re rouge des braises <\/p>\n<p>et le hasard qui m\u2019y a ramen\u00e9e avec toi, pour quelques minutes silencieuses<br \/>\ntellement d\u2019ann\u00e9es apr\u00e8s.<\/p>\n<p>et rien n\u2019avait chang\u00e9\u00a0: la poussi\u00e8re juste pos\u00e9e sur le sol<br \/>\nl\u2019\u00e2tre<br \/>\nla paix des pi\u00e8ces oubli\u00e9es.<\/p>\n<p>quelques minutes o\u00f9 la vie se retourne<br \/>\navant de fuir \u00e0 nouveau<br \/>\nvers l\u2019avant.<\/p>\n","protected":false},"excerpt":{"rendered":"<p>dans le fond du pass\u00e9, o\u00f9 toutes les choses luisent il y a le vert sombre de cette prairie en septembre. une sieste solitaire l\u2019odeur de terre et d\u2019herbe \u00e9cras\u00e9e pr\u00e8s du visage la chaleur du soleil sur la couverture (&hellip;)<\/p>\n<p><a href=\"https:\/\/www.angle-vivant.net\/claireceira\/l-1970-2006-2018\/\">Read the rest of this entry &raquo;<\/a><\/p>\n","protected":false},"author":1,"featured_media":0,"comment_status":"open","ping_status":"closed","sticky":false,"template":"","format":"standard","meta":{"footnotes":""},"categories":[1],"tags":[],"class_list":["post-3297","post","type-post","status-publish","format-standard","hentry","category-non-classe"],"_links":{"self":[{"href":"https:\/\/www.angle-vivant.net\/claireceira\/wp-json\/wp\/v2\/posts\/3297","targetHints":{"allow":["GET"]}}],"collection":[{"href":"https:\/\/www.angle-vivant.net\/claireceira\/wp-json\/wp\/v2\/posts"}],"about":[{"href":"https:\/\/www.angle-vivant.net\/claireceira\/wp-json\/wp\/v2\/types\/post"}],"author":[{"embeddable":true,"href":"https:\/\/www.angle-vivant.net\/claireceira\/wp-json\/wp\/v2\/users\/1"}],"replies":[{"embeddable":true,"href":"https:\/\/www.angle-vivant.net\/claireceira\/wp-json\/wp\/v2\/comments?post=3297"}],"version-history":[{"count":25,"href":"https:\/\/www.angle-vivant.net\/claireceira\/wp-json\/wp\/v2\/posts\/3297\/revisions"}],"predecessor-version":[{"id":3385,"href":"https:\/\/www.angle-vivant.net\/claireceira\/wp-json\/wp\/v2\/posts\/3297\/revisions\/3385"}],"wp:attachment":[{"href":"https:\/\/www.angle-vivant.net\/claireceira\/wp-json\/wp\/v2\/media?parent=3297"}],"wp:term":[{"taxonomy":"category","embeddable":true,"href":"https:\/\/www.angle-vivant.net\/claireceira\/wp-json\/wp\/v2\/categories?post=3297"},{"taxonomy":"post_tag","embeddable":true,"href":"https:\/\/www.angle-vivant.net\/claireceira\/wp-json\/wp\/v2\/tags?post=3297"}],"curies":[{"name":"wp","href":"https:\/\/api.w.org\/{rel}","templated":true}]}}