{"id":3204,"date":"2018-10-27T16:48:38","date_gmt":"2018-10-27T16:48:38","guid":{"rendered":"https:\/\/www.angle-vivant.net\/claireceira\/?p=3204"},"modified":"2018-10-27T16:48:38","modified_gmt":"2018-10-27T16:48:38","slug":"le-trou-de-letre-a-ivar-chvavar","status":"publish","type":"post","link":"https:\/\/www.angle-vivant.net\/claireceira\/le-trou-de-letre-a-ivar-chvavar\/","title":{"rendered":"le trou de l\u2019Etre (\u00e0 Ivar Ch\u2019Vavar)"},"content":{"rendered":"<p>C&rsquo;est la faille des choses<br \/>\nqui vient goutter le long des trac\u00e9s d&rsquo;autoroutes &#8211;<br \/>\ncouler vers la mer<br \/>\npour voir l&rsquo;endroit haut d&rsquo;o\u00f9 coule la lumi\u00e8re<br \/>\nen traits doux et obliques,<br \/>\nl\u00e9chant les puits creus\u00e9s des grands nuages<br \/>\net de sa langue radieuse l&rsquo;int\u00e9rieur de leurs cuisses bleut\u00e9es<br \/>\n(sans nombre)<br \/>\npuis tombant, grands droits, \u00e9chelle<br \/>\nsur notre vaste et pauvre pays.<\/p>\n<p>&#8212;&#8212;&#8212;&#8212;&#8212;&#8212;&#8212;&#8212;&#8212;&#8212;-<\/p>\n<p>mais voir<br \/>\ndans le m\u00eame temps, l&rsquo;anti-lumi\u00e8re<br \/>\nl\u00e9chant du bas leurs ventres gris, grisants<br \/>\nlongs gisants d&rsquo;orage<br \/>\nhachant et filtrant tout<br \/>\nsur cette terre, cette ombre<br \/>\nqui se d\u00e9place avec nous<br \/>\neffa\u00e7ant les collines,<br \/>\nplant\u00e9e de vents tournoyants. <\/p>\n<p>&#8212;&#8212;&#8212;&#8212;&#8212;&#8212;&#8212;&#8212;&#8212;&#8212;&#8212;<\/p>\n<p>nuages comme barbe \u00e0 papa comme la poussi\u00e8re<br \/>\n\u00e9paisse derri\u00e8re les armoires<br \/>\ndes appentis &#8211; torchons tordus, rouill\u00e9s<br \/>\ncet endroit d\u00e9sign\u00e9<br \/>\npar les enfants b\u00ealant leur faiblesse<br \/>\nagneaux aux yeux fendus devant le trou du monde<br \/>\nqu&rsquo;ils noient de leur urine chaude.<\/p>\n<p>&#8212;&#8212;&#8212;&#8212;&#8212;&#8212;&#8212;&#8212;&#8212;&#8212;&#8212;&#8212;&#8211;<\/p>\n<p>ou l\u00e9chant la gomme des merisiers<br \/>\n\u00e0 l&rsquo;or\u00e9e d&rsquo;un bois<br \/>\nde la trou\u00e9e qu&rsquo;ils connaissent<br \/>\n&#8211; ambre coulant de l&rsquo;\u00e9corce \u00e9clat\u00e9e,<br \/>\n\u00e0 l&rsquo;est, l\u00e0 o\u00f9 frappe le soleil blanc,<br \/>\nun temps d&rsquo;arr\u00eat &#8211;<br \/>\nle gel de la nuit serre leurs petits ongles sales.<\/p>\n","protected":false},"excerpt":{"rendered":"<p>C&rsquo;est la faille des choses qui vient goutter le long des trac\u00e9s d&rsquo;autoroutes &#8211; couler vers la mer pour voir l&rsquo;endroit haut d&rsquo;o\u00f9 coule la lumi\u00e8re en traits doux et obliques, l\u00e9chant les puits creus\u00e9s des grands nuages et de (&hellip;)<\/p>\n<p><a href=\"https:\/\/www.angle-vivant.net\/claireceira\/le-trou-de-letre-a-ivar-chvavar\/\">Read the rest of this entry &raquo;<\/a><\/p>\n","protected":false},"author":1,"featured_media":0,"comment_status":"open","ping_status":"closed","sticky":false,"template":"","format":"standard","meta":{"footnotes":""},"categories":[1],"tags":[],"class_list":["post-3204","post","type-post","status-publish","format-standard","hentry","category-non-classe"],"_links":{"self":[{"href":"https:\/\/www.angle-vivant.net\/claireceira\/wp-json\/wp\/v2\/posts\/3204","targetHints":{"allow":["GET"]}}],"collection":[{"href":"https:\/\/www.angle-vivant.net\/claireceira\/wp-json\/wp\/v2\/posts"}],"about":[{"href":"https:\/\/www.angle-vivant.net\/claireceira\/wp-json\/wp\/v2\/types\/post"}],"author":[{"embeddable":true,"href":"https:\/\/www.angle-vivant.net\/claireceira\/wp-json\/wp\/v2\/users\/1"}],"replies":[{"embeddable":true,"href":"https:\/\/www.angle-vivant.net\/claireceira\/wp-json\/wp\/v2\/comments?post=3204"}],"version-history":[{"count":1,"href":"https:\/\/www.angle-vivant.net\/claireceira\/wp-json\/wp\/v2\/posts\/3204\/revisions"}],"predecessor-version":[{"id":3205,"href":"https:\/\/www.angle-vivant.net\/claireceira\/wp-json\/wp\/v2\/posts\/3204\/revisions\/3205"}],"wp:attachment":[{"href":"https:\/\/www.angle-vivant.net\/claireceira\/wp-json\/wp\/v2\/media?parent=3204"}],"wp:term":[{"taxonomy":"category","embeddable":true,"href":"https:\/\/www.angle-vivant.net\/claireceira\/wp-json\/wp\/v2\/categories?post=3204"},{"taxonomy":"post_tag","embeddable":true,"href":"https:\/\/www.angle-vivant.net\/claireceira\/wp-json\/wp\/v2\/tags?post=3204"}],"curies":[{"name":"wp","href":"https:\/\/api.w.org\/{rel}","templated":true}]}}