{"id":3119,"date":"2018-06-21T10:35:40","date_gmt":"2018-06-21T10:35:40","guid":{"rendered":"https:\/\/www.angle-vivant.net\/claireceira\/?p=3119"},"modified":"2018-08-01T14:50:19","modified_gmt":"2018-08-01T14:50:19","slug":"focale-13","status":"publish","type":"post","link":"https:\/\/www.angle-vivant.net\/claireceira\/focale-13\/","title":{"rendered":"Focale (13)"},"content":{"rendered":"<p>C\u2019est un petit gar\u00e7on solitaire, un fils unique, chez sa grand-m\u00e8re. Elle vit sous les toits dans deux chambres de bonne accol\u00e9es, o\u00f9 a \u00e9t\u00e9 install\u00e9e une minuscule cuisine. L\u2019enfant passe ses vacances chez elle, il dort dans un petit lit couvert d\u2019un \u00e9dredon. Il joue, lit les magazines empil\u00e9s, les cartes postales qu\u2019elle garde attach\u00e9es par un \u00e9lastique. Tout vient du temps d\u2019avant.<br \/>\nIl se sent prot\u00e9g\u00e9 ici, spectateur des activit\u00e9s m\u00e9nag\u00e8res toujours semblables, dans la vieillesse \u00e9ternelle des objets.<br \/>\nSurtout, la magie de cet endroit, de ces journ\u00e9es, c\u2019est le toit sur lequel donne la fen\u00eatre de la chambre. Il est reli\u00e9 \u00e0 d\u2019autres toits, \u00e0 d\u2019autres pentes recouvertes de zinc, d\u2019o\u00f9 \u00e9mergent des chemin\u00e9es avec leurs multiples petits chapeaux. Un monde clos qu\u2019il peut arpenter sans risque, o\u00f9 il faudrait aller loin pour voir le bord, le vide. Il n\u2019en a nulle envie. Il a m\u00eame un petit tricycle et roule dans les parties basses, variant les trajets, les obstacles.<br \/>\nL\u2019enfant a mis un masque noir, une cape, il regarde droit devant lui et fait mine de viser. Derri\u00e8re lui, les hauts murs parcourus de conduits de chemin\u00e9es font les murailles d\u2019un ch\u00e2teau fort que lui seul hante et d\u00e9fend, juste au-dessous des nuages. Les plaques grises de zinc soud\u00e9es entre elles, comme un patchwork dessin\u00e9 de pluies anciennes, les murs aveugles, les lucarnes couch\u00e9es refl\u00e9tant le ciel blanc, une beaut\u00e9 d\u2019\u00e9nigme qu\u2019il garde.<\/p>\n","protected":false},"excerpt":{"rendered":"<p>C\u2019est un petit gar\u00e7on solitaire, un fils unique, chez sa grand-m\u00e8re. Elle vit sous les toits dans deux chambres de bonne accol\u00e9es, o\u00f9 a \u00e9t\u00e9 install\u00e9e une minuscule cuisine. L\u2019enfant passe ses vacances chez elle, il dort dans un petit (&hellip;)<\/p>\n<p><a href=\"https:\/\/www.angle-vivant.net\/claireceira\/focale-13\/\">Read the rest of this entry &raquo;<\/a><\/p>\n","protected":false},"author":1,"featured_media":0,"comment_status":"open","ping_status":"closed","sticky":false,"template":"","format":"standard","meta":{"footnotes":""},"categories":[1],"tags":[],"class_list":["post-3119","post","type-post","status-publish","format-standard","hentry","category-non-classe"],"_links":{"self":[{"href":"https:\/\/www.angle-vivant.net\/claireceira\/wp-json\/wp\/v2\/posts\/3119","targetHints":{"allow":["GET"]}}],"collection":[{"href":"https:\/\/www.angle-vivant.net\/claireceira\/wp-json\/wp\/v2\/posts"}],"about":[{"href":"https:\/\/www.angle-vivant.net\/claireceira\/wp-json\/wp\/v2\/types\/post"}],"author":[{"embeddable":true,"href":"https:\/\/www.angle-vivant.net\/claireceira\/wp-json\/wp\/v2\/users\/1"}],"replies":[{"embeddable":true,"href":"https:\/\/www.angle-vivant.net\/claireceira\/wp-json\/wp\/v2\/comments?post=3119"}],"version-history":[{"count":12,"href":"https:\/\/www.angle-vivant.net\/claireceira\/wp-json\/wp\/v2\/posts\/3119\/revisions"}],"predecessor-version":[{"id":3151,"href":"https:\/\/www.angle-vivant.net\/claireceira\/wp-json\/wp\/v2\/posts\/3119\/revisions\/3151"}],"wp:attachment":[{"href":"https:\/\/www.angle-vivant.net\/claireceira\/wp-json\/wp\/v2\/media?parent=3119"}],"wp:term":[{"taxonomy":"category","embeddable":true,"href":"https:\/\/www.angle-vivant.net\/claireceira\/wp-json\/wp\/v2\/categories?post=3119"},{"taxonomy":"post_tag","embeddable":true,"href":"https:\/\/www.angle-vivant.net\/claireceira\/wp-json\/wp\/v2\/tags?post=3119"}],"curies":[{"name":"wp","href":"https:\/\/api.w.org\/{rel}","templated":true}]}}