{"id":3113,"date":"2018-06-14T19:17:36","date_gmt":"2018-06-14T19:17:36","guid":{"rendered":"https:\/\/www.angle-vivant.net\/claireceira\/?p=3113"},"modified":"2019-10-04T12:06:50","modified_gmt":"2019-10-04T12:06:50","slug":"une-route","status":"publish","type":"post","link":"https:\/\/www.angle-vivant.net\/claireceira\/une-route\/","title":{"rendered":"une route"},"content":{"rendered":"<p>J\u2019ai utilis\u00e9 la po\u00e9sie comme on suit le bas-c\u00f4t\u00e9 d\u2019une route dont on ne conna\u00eet pas la direction, une route invers\u00e9e, renvers\u00e9e, avec des traces de hachures, des foss\u00e9s o\u00f9 on ne plongerait pas le pied, glac\u00e9s d\u2019une eau invisible et sans mouvement.<br \/>\ncette route \u00e9tait l\u00e0 pour m\u2019\u00e9viter le risque de tomber, pour me laisser croire qu\u2019il y a une direction, qu\u2019on va arriver quelque part, dans un lieu qui forme un caillot de vie, chaud, et les conditions du repos.<br \/>\npour \u00e9viter la sensation pourtant insistante que &#8211; peu importe :<br \/>\naller en face ou de tel c\u00f4t\u00e9, le paysage est une page o\u00f9 on peut inscrire sa trace, et l\u2019infl\u00e9chir, sans jamais y trouver ces bords que les hommes ont appel\u00e9 \u00ab l\u2019horizon \u00bb.<br \/>\nune route nous dit : tu choisis, tu as deux choix, et tu suis la ligne.<br \/>\nquand on ne suit rien, au bout d\u2019un moment, on a une grande envie de s\u2019asseoir. la libert\u00e9 vous \u00e9crase, on sent son vide interne.<br \/>\non s\u2019abaisse encore entre le ciel et la terre, on se sent si proche de la fra\u00eecheur du v\u00e9g\u00e9tal,<br \/>\nsi diff\u00e9rent de la chaleur que nous devons co\u00fbte que co\u00fbte entretenir, dans notre forge int\u00e9rieure.<\/p>\n","protected":false},"excerpt":{"rendered":"<p>J\u2019ai utilis\u00e9 la po\u00e9sie comme on suit le bas-c\u00f4t\u00e9 d\u2019une route dont on ne conna\u00eet pas la direction, une route invers\u00e9e, renvers\u00e9e, avec des traces de hachures, des foss\u00e9s o\u00f9 on ne plongerait pas le pied, glac\u00e9s d\u2019une eau invisible (&hellip;)<\/p>\n<p><a href=\"https:\/\/www.angle-vivant.net\/claireceira\/une-route\/\">Read the rest of this entry &raquo;<\/a><\/p>\n","protected":false},"author":1,"featured_media":0,"comment_status":"open","ping_status":"closed","sticky":false,"template":"","format":"standard","meta":{"footnotes":""},"categories":[1],"tags":[],"class_list":["post-3113","post","type-post","status-publish","format-standard","hentry","category-non-classe"],"_links":{"self":[{"href":"https:\/\/www.angle-vivant.net\/claireceira\/wp-json\/wp\/v2\/posts\/3113","targetHints":{"allow":["GET"]}}],"collection":[{"href":"https:\/\/www.angle-vivant.net\/claireceira\/wp-json\/wp\/v2\/posts"}],"about":[{"href":"https:\/\/www.angle-vivant.net\/claireceira\/wp-json\/wp\/v2\/types\/post"}],"author":[{"embeddable":true,"href":"https:\/\/www.angle-vivant.net\/claireceira\/wp-json\/wp\/v2\/users\/1"}],"replies":[{"embeddable":true,"href":"https:\/\/www.angle-vivant.net\/claireceira\/wp-json\/wp\/v2\/comments?post=3113"}],"version-history":[{"count":5,"href":"https:\/\/www.angle-vivant.net\/claireceira\/wp-json\/wp\/v2\/posts\/3113\/revisions"}],"predecessor-version":[{"id":3399,"href":"https:\/\/www.angle-vivant.net\/claireceira\/wp-json\/wp\/v2\/posts\/3113\/revisions\/3399"}],"wp:attachment":[{"href":"https:\/\/www.angle-vivant.net\/claireceira\/wp-json\/wp\/v2\/media?parent=3113"}],"wp:term":[{"taxonomy":"category","embeddable":true,"href":"https:\/\/www.angle-vivant.net\/claireceira\/wp-json\/wp\/v2\/categories?post=3113"},{"taxonomy":"post_tag","embeddable":true,"href":"https:\/\/www.angle-vivant.net\/claireceira\/wp-json\/wp\/v2\/tags?post=3113"}],"curies":[{"name":"wp","href":"https:\/\/api.w.org\/{rel}","templated":true}]}}