{"id":3103,"date":"2018-04-21T16:07:17","date_gmt":"2018-04-21T16:07:17","guid":{"rendered":"https:\/\/www.angle-vivant.net\/claireceira\/?p=3103"},"modified":"2018-08-18T22:41:07","modified_gmt":"2018-08-18T22:41:07","slug":"focale-11","status":"publish","type":"post","link":"https:\/\/www.angle-vivant.net\/claireceira\/focale-11\/","title":{"rendered":"Focale (11)"},"content":{"rendered":"<p>C\u2019est la rue d\u2019Al\u00e9sia, autrefois. Le cr\u00e9pi des murs, les pierres meuli\u00e8res de l\u2019\u00e9cole communale sont encore encrass\u00e9s et noirs, noirs des fum\u00e9es du si\u00e8cle, mais dans tr\u00e8s peu de temps ils auront retrouv\u00e9 leur couleur neuve. Ils offrent \u00e0 la pluie leur sombre \u00e9crin. Les clous du passage pi\u00e9ton, lav\u00e9s, luisent. Et lui traverse avec son imperm\u00e9able remont\u00e9 sur la t\u00eate. Son visage pourrait \u00eatre celui d\u2019un chapiteau sculpt\u00e9, d\u2019un homme du Moyen Age, ainsi encadr\u00e9 par les plis du tissu, il n\u2019exprime rien sinon peut-\u00eatre la fatigue. Plus bas, ses fortes mains. Il traverse la rue l\u00e0 o\u00f9 il traverse toujours, \u00e0 l\u2019aller et au retour de son lieu de travail (\u00ab travail de for\u00e7at \u00bb dit-il). Il y a une forme d\u2019indiff\u00e9rence : ce geste d\u2019enfant, inspir\u00e9 par la simple n\u00e9cessit\u00e9 de se prot\u00e9ger, les v\u00eatements un peu frip\u00e9s, ordinaires, le visage.<br \/>\nSi tu traversais dans l\u2019autre sens, si tu le croisais, est-ce que tu le regarderais, est-ce que tu te retournerais pour suivre des yeux sa silhouette ?  Cette impression qu\u2019il donne ici d\u2019un \u00eatre unique, un peu \u00e9cras\u00e9, qui marche sans la moindre recherche d\u2019autrui, sans la moindre g\u00eane non plus ? Est-ce que tu l\u2019aurais vue sans le d\u00e9clic du photographe, et si tu ne connaissais pas son nom : Giacometti ?<\/p>\n","protected":false},"excerpt":{"rendered":"<p>C\u2019est la rue d\u2019Al\u00e9sia, autrefois. Le cr\u00e9pi des murs, les pierres meuli\u00e8res de l\u2019\u00e9cole communale sont encore encrass\u00e9s et noirs, noirs des fum\u00e9es du si\u00e8cle, mais dans tr\u00e8s peu de temps ils auront retrouv\u00e9 leur couleur neuve. Ils offrent \u00e0 (&hellip;)<\/p>\n<p><a href=\"https:\/\/www.angle-vivant.net\/claireceira\/focale-11\/\">Read the rest of this entry &raquo;<\/a><\/p>\n","protected":false},"author":1,"featured_media":0,"comment_status":"open","ping_status":"closed","sticky":false,"template":"","format":"standard","meta":{"footnotes":""},"categories":[1],"tags":[],"class_list":["post-3103","post","type-post","status-publish","format-standard","hentry","category-non-classe"],"_links":{"self":[{"href":"https:\/\/www.angle-vivant.net\/claireceira\/wp-json\/wp\/v2\/posts\/3103","targetHints":{"allow":["GET"]}}],"collection":[{"href":"https:\/\/www.angle-vivant.net\/claireceira\/wp-json\/wp\/v2\/posts"}],"about":[{"href":"https:\/\/www.angle-vivant.net\/claireceira\/wp-json\/wp\/v2\/types\/post"}],"author":[{"embeddable":true,"href":"https:\/\/www.angle-vivant.net\/claireceira\/wp-json\/wp\/v2\/users\/1"}],"replies":[{"embeddable":true,"href":"https:\/\/www.angle-vivant.net\/claireceira\/wp-json\/wp\/v2\/comments?post=3103"}],"version-history":[{"count":5,"href":"https:\/\/www.angle-vivant.net\/claireceira\/wp-json\/wp\/v2\/posts\/3103\/revisions"}],"predecessor-version":[{"id":3163,"href":"https:\/\/www.angle-vivant.net\/claireceira\/wp-json\/wp\/v2\/posts\/3103\/revisions\/3163"}],"wp:attachment":[{"href":"https:\/\/www.angle-vivant.net\/claireceira\/wp-json\/wp\/v2\/media?parent=3103"}],"wp:term":[{"taxonomy":"category","embeddable":true,"href":"https:\/\/www.angle-vivant.net\/claireceira\/wp-json\/wp\/v2\/categories?post=3103"},{"taxonomy":"post_tag","embeddable":true,"href":"https:\/\/www.angle-vivant.net\/claireceira\/wp-json\/wp\/v2\/tags?post=3103"}],"curies":[{"name":"wp","href":"https:\/\/api.w.org\/{rel}","templated":true}]}}