{"id":31,"date":"2011-01-17T10:59:00","date_gmt":"2011-01-17T10:59:00","guid":{"rendered":"https:\/\/www.angle-vivant.net\/claireceira\/?p=31"},"modified":"2017-10-18T15:42:31","modified_gmt":"2017-10-18T15:42:31","slug":"marcher-dans-le-noir","status":"publish","type":"post","link":"https:\/\/www.angle-vivant.net\/claireceira\/marcher-dans-le-noir\/","title":{"rendered":"marcher dans le noir"},"content":{"rendered":"<p>dans la maison endormie<br \/>\ndescendre l\u2019escalier sombre<br \/>\nles yeux ouverts dans le noir<br \/>\no\u00f9 toutes les choses restent.<\/p>\n<p>sommeil profond d\u2019o\u00f9 je sors,<br \/>\ntu glisses la soie de ta lumi\u00e8re<br \/>\ncomme une lame au milieu.<\/p>\n<p>glisse ta faille et ta m\u00e9moire<br \/>\ndans le r\u00eave de la maison des autres,<br \/>\ndans <em>l\u2019autre<\/em> maison.<\/p>\n<p>pose ta paume chaude, sommeil profond, sur ma t\u00eate<br \/>\n\u2013 d\u00e9place-moi.<\/p>\n<p>\u00b0\u00b0\u00b0\u00b0\u00b0\u00b0\u00b0\u00b0\u00b0\u00b0\u00b0\u00b0\u00b0\u00b0\u00b0\u00b0\u00b0\u00b0\u00b0\u00b0\u00b0\u00b0\u00b0\u00b0\u00b0\u00b0\u00b0\u00b0\u00b0\u00b0\u00b0\u00b0\u00b0\u00b0\u00b0\u00b0\u00b0\u00b0\u00b0\u00b0\u00b0\u00b0\u00b0<\/p>\n<p>A y r\u00e9fl\u00e9chir, la paix semble tenir au sentiment de ne pas (re)conna\u00eetre la maison qui m\u2019entoure (bien que ce soit la mienne). C\u2019est le sym\u00e9trique d\u2019un sentiment que j\u2019avais enfant, devant les fen\u00eatres \u00e9clair\u00e9es des appartements inconnus : j\u2019avais v\u00e9cu l\u00e0 &#8211; ou je pourrais vivre l\u00e0 &#8211; une autre vie que je ne connaissais pas.<br \/>\nC\u2019\u00e9tait un sentiment tr\u00e8s proche de la magie, mais une magie qui ne serait pas dans les contes, une magie r\u00e9elle, active, \u00e9trange et troublante.<\/p>\n<p><a href=\"http:\/\/storage.canalblog.com\/54\/64\/434042\/55418452.jpg\"><img decoding=\"async\" style=\"cursor:pointer; cursor:hand;width: 200px; height: 550px;\" src=\"http:\/\/storage.canalblog.com\/54\/64\/434042\/55418452.jpg\" border=\"0\" alt=\"\" \/><\/a><\/p>\n<p>(KOOLHYDRAAT 2, d i v)<\/p>\n","protected":false},"excerpt":{"rendered":"<p>dans la maison endormie descendre l\u2019escalier sombre les yeux ouverts dans le noir o\u00f9 toutes les choses restent. sommeil profond d\u2019o\u00f9 je sors, tu glisses la soie de ta lumi\u00e8re comme une lame au milieu. glisse ta faille et ta (&hellip;)<\/p>\n<p><a href=\"https:\/\/www.angle-vivant.net\/claireceira\/marcher-dans-le-noir\/\">Read the rest of this entry &raquo;<\/a><\/p>\n","protected":false},"author":1,"featured_media":0,"comment_status":"open","ping_status":"open","sticky":false,"template":"","format":"standard","meta":{"footnotes":""},"categories":[6],"tags":[],"class_list":["post-31","post","type-post","status-publish","format-standard","hentry","category-koolhydraat-2"],"_links":{"self":[{"href":"https:\/\/www.angle-vivant.net\/claireceira\/wp-json\/wp\/v2\/posts\/31","targetHints":{"allow":["GET"]}}],"collection":[{"href":"https:\/\/www.angle-vivant.net\/claireceira\/wp-json\/wp\/v2\/posts"}],"about":[{"href":"https:\/\/www.angle-vivant.net\/claireceira\/wp-json\/wp\/v2\/types\/post"}],"author":[{"embeddable":true,"href":"https:\/\/www.angle-vivant.net\/claireceira\/wp-json\/wp\/v2\/users\/1"}],"replies":[{"embeddable":true,"href":"https:\/\/www.angle-vivant.net\/claireceira\/wp-json\/wp\/v2\/comments?post=31"}],"version-history":[{"count":5,"href":"https:\/\/www.angle-vivant.net\/claireceira\/wp-json\/wp\/v2\/posts\/31\/revisions"}],"predecessor-version":[{"id":2977,"href":"https:\/\/www.angle-vivant.net\/claireceira\/wp-json\/wp\/v2\/posts\/31\/revisions\/2977"}],"wp:attachment":[{"href":"https:\/\/www.angle-vivant.net\/claireceira\/wp-json\/wp\/v2\/media?parent=31"}],"wp:term":[{"taxonomy":"category","embeddable":true,"href":"https:\/\/www.angle-vivant.net\/claireceira\/wp-json\/wp\/v2\/categories?post=31"},{"taxonomy":"post_tag","embeddable":true,"href":"https:\/\/www.angle-vivant.net\/claireceira\/wp-json\/wp\/v2\/tags?post=31"}],"curies":[{"name":"wp","href":"https:\/\/api.w.org\/{rel}","templated":true}]}}