{"id":3054,"date":"2018-04-07T15:41:56","date_gmt":"2018-04-07T15:41:56","guid":{"rendered":"https:\/\/www.angle-vivant.net\/claireceira\/?p=3054"},"modified":"2018-05-03T08:32:27","modified_gmt":"2018-05-03T08:32:27","slug":"heberger","status":"publish","type":"post","link":"https:\/\/www.angle-vivant.net\/claireceira\/heberger\/","title":{"rendered":"arbres dans la m\u00e9moire"},"content":{"rendered":"<p>Je  rassemble mes arbres :<\/p>\n<p>\u2014- celui qui trempait ses pieds dans un miroir opaque, dont le vert renvoyait le ciel, un bras de petit fleuve c\u00f4tier. Racines plongeant comme les longues branches que la barque contourne. Moules d\u2019eau douce, trous de rats dans les berges. Oh, tourner autour de la rame, faire un tourbillon lent.<br \/>\ntr\u00e8s loin de la ville, comme perdue en Laponie, entendre pourtant ferrailler les trains de la gare, deviner les deux tours de la cath\u00e9drale.<\/p>\n<p>\u2014- celui qui poussait dans ma cour aux dalles branlantes, soulev\u00e9es par ses racines. Qui devenait peu \u00e0 peu \u00e9norme, gr\u00e2ce aux crottes de chien dont le tas s\u2019\u00e9crasait, se fondait dans les feuilles mortes. Acacia, grappes parfum\u00e9es dans la nuit, feuilles vertes devant mon grand velux.<\/p>\n<p>.\u2014- ceux de l\u2019enfance, des promenades \u00e0 plusieurs, chaque arbre comme un probl\u00e8me \u00e0 aborder : trouver la premi\u00e8re prise, et comment se hisser, d\u00e9chiffrer l\u2019\u00e9criture des branches et leur danse immobile, parfois avoir peur et rester fig\u00e9e au dessus du vide. Ou bien ceux du jardin familial, o\u00f9 on a install\u00e9 des cordes pour s\u2019aider, et o\u00f9 on passe des heures \u00e0 lire.<\/p>\n<p>\u2014- le noyer si grand au bord du rieu, comme un roi \u00e0 l\u2019\u00e9corce grise, la terre au-dessous, ombrag\u00e9e, \u00e0 l\u2019herbe rare. Sa mort qui prit plusieurs ann\u00e9es apr\u00e8s l\u2019inondation : la lente pourriture de toutes ses racines.<\/p>\n<p>\u2014- les six oliviers, piliers du jardin, portant le dais de leur feuillage que remue le vent, semblables \u00e0 des titans tortueux. L\u2019id\u00e9e qu\u2019il sont si anciens, ant\u00e9rieurs \u00e0 toutes les maisons d\u2019ici.<\/p>\n<p>\u2014- les arbres des \u00ab for\u00eats Trump \u00bb, plant\u00e9s contre la b\u00eatise humaine, d\u00e9risoires, un jour aussi grands et beaux pourtant que ceux des for\u00eats de \u00ab Shoah \u00bb, le film que je regarde en ce moment.<\/p>\n","protected":false},"excerpt":{"rendered":"<p>Je rassemble mes arbres : \u2014- celui qui trempait ses pieds dans un miroir opaque, dont le vert renvoyait le ciel, un bras de petit fleuve c\u00f4tier. Racines plongeant comme les longues branches que la barque contourne. Moules d\u2019eau douce, (&hellip;)<\/p>\n<p><a href=\"https:\/\/www.angle-vivant.net\/claireceira\/heberger\/\">Read the rest of this entry &raquo;<\/a><\/p>\n","protected":false},"author":1,"featured_media":0,"comment_status":"open","ping_status":"closed","sticky":false,"template":"","format":"standard","meta":{"footnotes":""},"categories":[1],"tags":[],"class_list":["post-3054","post","type-post","status-publish","format-standard","hentry","category-non-classe"],"_links":{"self":[{"href":"https:\/\/www.angle-vivant.net\/claireceira\/wp-json\/wp\/v2\/posts\/3054","targetHints":{"allow":["GET"]}}],"collection":[{"href":"https:\/\/www.angle-vivant.net\/claireceira\/wp-json\/wp\/v2\/posts"}],"about":[{"href":"https:\/\/www.angle-vivant.net\/claireceira\/wp-json\/wp\/v2\/types\/post"}],"author":[{"embeddable":true,"href":"https:\/\/www.angle-vivant.net\/claireceira\/wp-json\/wp\/v2\/users\/1"}],"replies":[{"embeddable":true,"href":"https:\/\/www.angle-vivant.net\/claireceira\/wp-json\/wp\/v2\/comments?post=3054"}],"version-history":[{"count":20,"href":"https:\/\/www.angle-vivant.net\/claireceira\/wp-json\/wp\/v2\/posts\/3054\/revisions"}],"predecessor-version":[{"id":3108,"href":"https:\/\/www.angle-vivant.net\/claireceira\/wp-json\/wp\/v2\/posts\/3054\/revisions\/3108"}],"wp:attachment":[{"href":"https:\/\/www.angle-vivant.net\/claireceira\/wp-json\/wp\/v2\/media?parent=3054"}],"wp:term":[{"taxonomy":"category","embeddable":true,"href":"https:\/\/www.angle-vivant.net\/claireceira\/wp-json\/wp\/v2\/categories?post=3054"},{"taxonomy":"post_tag","embeddable":true,"href":"https:\/\/www.angle-vivant.net\/claireceira\/wp-json\/wp\/v2\/tags?post=3054"}],"curies":[{"name":"wp","href":"https:\/\/api.w.org\/{rel}","templated":true}]}}