{"id":3018,"date":"2018-01-23T16:23:23","date_gmt":"2018-01-23T16:23:23","guid":{"rendered":"https:\/\/www.angle-vivant.net\/claireceira\/?p=3018"},"modified":"2018-10-27T15:02:59","modified_gmt":"2018-10-27T15:02:59","slug":"six-fois-6-fois-six","status":"publish","type":"post","link":"https:\/\/www.angle-vivant.net\/claireceira\/six-fois-6-fois-six\/","title":{"rendered":"six fois 6 fois six"},"content":{"rendered":"<p>si pr\u00e8s du solstice d\u2019hiver<br \/>\ncette nuit de silence dans la<br \/>\nmaison ferm\u00e9e et dans les arbres<br \/>\nintimes gardiens du mouvement, ne bougent.<br \/>\nla vie est une histoire verticale<br \/>\npeut-\u00eatre on attend l\u2019horizon.<\/p>\n<p>*****<\/p>\n<p>les voyages qu\u2019on ne fera<br \/>\npas sont des voyages en cours<br \/>\nregarde derri\u00e8re l\u2019arbre isol\u00e9, tranquille<br \/>\nle lierre qui change de couleur.<br \/>\nil suffirait d\u2019un pas bancal<br \/>\npour ne plus appartenir \u00e0 rien.<\/p>\n<p>*****<\/p>\n<p> je me tiens sur l\u2019\u00e9cluse<br \/>\n \u00e0 travers les trous du fer<br \/>\n l\u2019eau qui se rue, \u00e9cume<br \/>\n je vois ta feuille se noyer<br \/>\n elle file coulant dans l\u2019intensit\u00e9.<br \/>\n toujours se ruer, murmure l\u2019eau.<\/p>\n<p>*****<\/p>\n<p> je peux encore \u00e9voquer la fum\u00e9e<br \/>\n qui est devenue si rare ici<br \/>\n odeur-trace d\u2019un jardin perdu<br \/>\n ailleurs, un homme, devant son tas<br \/>\n de d\u00e9bris et de plantes s\u00e8ches<br \/>\n encore ma\u00eetre, nimb\u00e9 de blancheur \u00e2cre.<\/p>\n<p>*****<\/p>\n<p> tu creuses creuses creuses &#8211; un violent<br \/>\n rai de lumi\u00e8re atteint le fond<br \/>\n l\u2019enfant \u00e9clair\u00e9 par sa diagonale<br \/>\n m\u00e2che quelque chose et surtout regarde,<br \/>\n r\u00e9fl\u00e9chit. \u00eatre un adulte c\u2019est<br \/>\n reprendre le projet du d\u00e9but, finir.<\/p>\n<p>*****<\/p>\n<p> trouver le lieu du rendez-vous<br \/>\n quotidien, ou presque, avec l\u2019ami.<br \/>\n boire une limonade et regarder dehors.<br \/>\n la conversation a commenc\u00e9 bien avant<br \/>\n qu\u2019il arrive, elle n\u2019avait<br \/>\n m\u00eame jamais cess\u00e9 depuis son d\u00e9part.<\/p>\n","protected":false},"excerpt":{"rendered":"<p>si pr\u00e8s du solstice d\u2019hiver cette nuit de silence dans la maison ferm\u00e9e et dans les arbres intimes gardiens du mouvement, ne bougent. la vie est une histoire verticale peut-\u00eatre on attend l\u2019horizon. ***** les voyages qu\u2019on ne fera pas (&hellip;)<\/p>\n<p><a href=\"https:\/\/www.angle-vivant.net\/claireceira\/six-fois-6-fois-six\/\">Read the rest of this entry &raquo;<\/a><\/p>\n","protected":false},"author":1,"featured_media":0,"comment_status":"open","ping_status":"closed","sticky":false,"template":"","format":"standard","meta":{"footnotes":""},"categories":[1],"tags":[],"class_list":["post-3018","post","type-post","status-publish","format-standard","hentry","category-non-classe"],"_links":{"self":[{"href":"https:\/\/www.angle-vivant.net\/claireceira\/wp-json\/wp\/v2\/posts\/3018","targetHints":{"allow":["GET"]}}],"collection":[{"href":"https:\/\/www.angle-vivant.net\/claireceira\/wp-json\/wp\/v2\/posts"}],"about":[{"href":"https:\/\/www.angle-vivant.net\/claireceira\/wp-json\/wp\/v2\/types\/post"}],"author":[{"embeddable":true,"href":"https:\/\/www.angle-vivant.net\/claireceira\/wp-json\/wp\/v2\/users\/1"}],"replies":[{"embeddable":true,"href":"https:\/\/www.angle-vivant.net\/claireceira\/wp-json\/wp\/v2\/comments?post=3018"}],"version-history":[{"count":8,"href":"https:\/\/www.angle-vivant.net\/claireceira\/wp-json\/wp\/v2\/posts\/3018\/revisions"}],"predecessor-version":[{"id":3102,"href":"https:\/\/www.angle-vivant.net\/claireceira\/wp-json\/wp\/v2\/posts\/3018\/revisions\/3102"}],"wp:attachment":[{"href":"https:\/\/www.angle-vivant.net\/claireceira\/wp-json\/wp\/v2\/media?parent=3018"}],"wp:term":[{"taxonomy":"category","embeddable":true,"href":"https:\/\/www.angle-vivant.net\/claireceira\/wp-json\/wp\/v2\/categories?post=3018"},{"taxonomy":"post_tag","embeddable":true,"href":"https:\/\/www.angle-vivant.net\/claireceira\/wp-json\/wp\/v2\/tags?post=3018"}],"curies":[{"name":"wp","href":"https:\/\/api.w.org\/{rel}","templated":true}]}}