{"id":30,"date":"2011-01-08T12:19:00","date_gmt":"2011-01-08T12:19:00","guid":{"rendered":"https:\/\/www.angle-vivant.net\/claireceira\/?p=30"},"modified":"2017-01-05T21:38:42","modified_gmt":"2017-01-05T21:38:42","slug":"je-ne-crois-pas-au-temps-je-ny-arrive-pas","status":"publish","type":"post","link":"https:\/\/www.angle-vivant.net\/claireceira\/je-ne-crois-pas-au-temps-je-ny-arrive-pas\/","title":{"rendered":"je ne crois pas au temps, je n&rsquo;y arrive pas."},"content":{"rendered":"<p><em>dans le tapis d\u2019herbe dress\u00e9e<br \/>\no\u00f9 le cygne nettoie son bec<br \/>\ndans le petit choc r\u00e9p\u00e9t\u00e9<br \/>\nde l\u2019eau contre le bord<br \/>\nl\u2019eau comme du miel<br \/>\njaune, brun et transparent<br \/>\no\u00f9 un visage s\u2019enfonce.<\/p>\n<p>la mort lui donne une r\u00e9verb\u00e9ration particuli\u00e8re, sous la surface de l\u2019eau<br \/>\ncach\u00e9 dans la lumi\u00e8re d\u2019\u00e9t\u00e9<br \/>\nvaseuse et douce.<br \/>\nC\u2019est comme s\u2019il savait tout et se taisait.<br \/>\nau repos je regarde comme il s\u2019enfonce<br \/>\n\u2013 dans cette eau jaune cette sagesse,<br \/>\nce secret.<\/p>\n<p>il est si difficile de faire la part des choses<br \/>\nentre ce que je lui pr\u00eate<br \/>\n\u2013 ma pens\u00e9e tourne autour de ce visage,<br \/>\nde ces traits absents \u2013<br \/>\net sa propre pens\u00e9e repli\u00e9e dans la mort<br \/>\nderri\u00e8re ces yeux d\u2019ombre,<\/p>\n<p>cette fine bouche close.<\/p>\n<p>tu as v\u00e9cu il y a longtemps<br \/>\nil y avait les choses<br \/>\ntelles qu\u2019elles t\u2019apparaissaient,<br \/>\ntelles qu\u2019elles se faisaient alors :<br \/>\nles go\u00fbts de toutes nourritures dans la caverne de ta bouche<br \/>\nce que tu broyais entre tes dents, ou aspirais<br \/>\nles odeurs que l\u2019air d\u00e9pla\u00e7ait autour de toi, invisibles<br \/>\net qui t\u2019atteignaient parfois<br \/>\np\u00e9n\u00e9traient \u2026\u2026<\/p>\n<p>les tissus d\u2019alors<br \/>\nplus raides, r\u00eaches, glissants, lourds<br \/>\nplus frais<br \/>\nplus rarement achet\u00e9s,<br \/>\navec des noms comme gabardine, pilou, jersey. <\/p>\n<p>Bref, la vie un peu diff\u00e9rente.<br \/>\net aussi cette \u00e9nigme simple : avoir un corps d\u2019homme.<\/p>\n<p>tout cela forme une bulle sans paroi devant laquelle<br \/>\nmon esprit s\u2019arr\u00eate<br \/>\n\u2013 bulle calme comme l\u2019eau qui noie<br \/>\nde plus en plus profond\u00e9ment ton visage (tu t\u2019\u00e9loignes)<br \/>\net go\u00fbte un arr\u00eat du temps, une faille.<br \/>\nil n\u2019y a plus rien \u00e0 prendre ni \u00e0 vouloir de toi.<\/p>\n<p>et toi,<br \/>\nveux-tu de l\u2019oubli ?<\/em><\/p>\n<p><a href=\"http:\/\/storage.canalblog.com\/78\/62\/434042\/55418395.jpg\"><img decoding=\"async\" style=\"cursor:pointer; cursor:hand;width: 374px; height: 208px;\" src=\"http:\/\/storage.canalblog.com\/78\/62\/434042\/55418395.jpg\" border=\"0\" alt=\"\" \/><\/a><br \/>(KOOLHYDRAAT 2, d i v)<\/p>\n","protected":false},"excerpt":{"rendered":"<p>dans le tapis d\u2019herbe dress\u00e9e o\u00f9 le cygne nettoie son bec dans le petit choc r\u00e9p\u00e9t\u00e9 de l\u2019eau contre le bord l\u2019eau comme du miel jaune, brun et transparent o\u00f9 un visage s\u2019enfonce. la mort lui donne une r\u00e9verb\u00e9ration particuli\u00e8re, (&hellip;)<\/p>\n<p><a href=\"https:\/\/www.angle-vivant.net\/claireceira\/je-ne-crois-pas-au-temps-je-ny-arrive-pas\/\">Read the rest of this entry &raquo;<\/a><\/p>\n","protected":false},"author":1,"featured_media":0,"comment_status":"open","ping_status":"open","sticky":false,"template":"","format":"standard","meta":{"footnotes":""},"categories":[6],"tags":[],"class_list":["post-30","post","type-post","status-publish","format-standard","hentry","category-koolhydraat-2"],"_links":{"self":[{"href":"https:\/\/www.angle-vivant.net\/claireceira\/wp-json\/wp\/v2\/posts\/30","targetHints":{"allow":["GET"]}}],"collection":[{"href":"https:\/\/www.angle-vivant.net\/claireceira\/wp-json\/wp\/v2\/posts"}],"about":[{"href":"https:\/\/www.angle-vivant.net\/claireceira\/wp-json\/wp\/v2\/types\/post"}],"author":[{"embeddable":true,"href":"https:\/\/www.angle-vivant.net\/claireceira\/wp-json\/wp\/v2\/users\/1"}],"replies":[{"embeddable":true,"href":"https:\/\/www.angle-vivant.net\/claireceira\/wp-json\/wp\/v2\/comments?post=30"}],"version-history":[{"count":5,"href":"https:\/\/www.angle-vivant.net\/claireceira\/wp-json\/wp\/v2\/posts\/30\/revisions"}],"predecessor-version":[{"id":2686,"href":"https:\/\/www.angle-vivant.net\/claireceira\/wp-json\/wp\/v2\/posts\/30\/revisions\/2686"}],"wp:attachment":[{"href":"https:\/\/www.angle-vivant.net\/claireceira\/wp-json\/wp\/v2\/media?parent=30"}],"wp:term":[{"taxonomy":"category","embeddable":true,"href":"https:\/\/www.angle-vivant.net\/claireceira\/wp-json\/wp\/v2\/categories?post=30"},{"taxonomy":"post_tag","embeddable":true,"href":"https:\/\/www.angle-vivant.net\/claireceira\/wp-json\/wp\/v2\/tags?post=30"}],"curies":[{"name":"wp","href":"https:\/\/api.w.org\/{rel}","templated":true}]}}