{"id":2979,"date":"2017-10-26T15:06:17","date_gmt":"2017-10-26T15:06:17","guid":{"rendered":"https:\/\/www.angle-vivant.net\/claireceira\/?p=2979"},"modified":"2017-11-14T13:33:07","modified_gmt":"2017-11-14T13:33:07","slug":"aller-4","status":"publish","type":"post","link":"https:\/\/www.angle-vivant.net\/claireceira\/aller-4\/","title":{"rendered":"aller (4)"},"content":{"rendered":"<p>Dans ce pays, il est impossible d\u2019\u00e9crire.<br \/>\ntout ram\u00e8ne \u00e0 Je, tout colle<br \/>\npar sa blessure, cette horreur<br \/>\novale.<br \/>\nle temps creuse une cicatrisation impossible<br \/>\nun h\u00e9ritage sans doute<br \/>\nmais qu\u2019importe.<\/p>\n<p>pris par ce qu\u2019on a de laid<br \/>\non voit son reflet en surimpression<br \/>\nsur le paysage<br \/>\net cela emplit la pi\u00e8ce, ou le wagon<br \/>\nil n\u2019y a plus de dehors.<\/p>\n<p>pourtant j\u2019ai parfois arrach\u00e9 la cro\u00fbte<br \/>\nou laiss\u00e9 l\u2019\u00e9paule enti\u00e8re, en sommeil avec sa clavicule,<br \/>\nen gage.<br \/>\nvolant dans le cr\u00e9puscule<br \/>\net ce n\u2019\u00e9tait plus rien qui s\u2019appelle \u00ab moi \u00bb.<br \/>\nc\u2019\u00e9tait le temps des apatrides<br \/>\nune vall\u00e9e ou un parc, une cascade<\/p>\n<p>il y en avait d\u2019autres aussi\u2026 <\/p>\n","protected":false},"excerpt":{"rendered":"<p>Dans ce pays, il est impossible d\u2019\u00e9crire. tout ram\u00e8ne \u00e0 Je, tout colle par sa blessure, cette horreur ovale. le temps creuse une cicatrisation impossible un h\u00e9ritage sans doute mais qu\u2019importe. pris par ce qu\u2019on a de laid on voit (&hellip;)<\/p>\n<p><a href=\"https:\/\/www.angle-vivant.net\/claireceira\/aller-4\/\">Read the rest of this entry &raquo;<\/a><\/p>\n","protected":false},"author":1,"featured_media":0,"comment_status":"open","ping_status":"closed","sticky":false,"template":"","format":"standard","meta":{"footnotes":""},"categories":[1],"tags":[],"class_list":["post-2979","post","type-post","status-publish","format-standard","hentry","category-non-classe"],"_links":{"self":[{"href":"https:\/\/www.angle-vivant.net\/claireceira\/wp-json\/wp\/v2\/posts\/2979","targetHints":{"allow":["GET"]}}],"collection":[{"href":"https:\/\/www.angle-vivant.net\/claireceira\/wp-json\/wp\/v2\/posts"}],"about":[{"href":"https:\/\/www.angle-vivant.net\/claireceira\/wp-json\/wp\/v2\/types\/post"}],"author":[{"embeddable":true,"href":"https:\/\/www.angle-vivant.net\/claireceira\/wp-json\/wp\/v2\/users\/1"}],"replies":[{"embeddable":true,"href":"https:\/\/www.angle-vivant.net\/claireceira\/wp-json\/wp\/v2\/comments?post=2979"}],"version-history":[{"count":2,"href":"https:\/\/www.angle-vivant.net\/claireceira\/wp-json\/wp\/v2\/posts\/2979\/revisions"}],"predecessor-version":[{"id":2983,"href":"https:\/\/www.angle-vivant.net\/claireceira\/wp-json\/wp\/v2\/posts\/2979\/revisions\/2983"}],"wp:attachment":[{"href":"https:\/\/www.angle-vivant.net\/claireceira\/wp-json\/wp\/v2\/media?parent=2979"}],"wp:term":[{"taxonomy":"category","embeddable":true,"href":"https:\/\/www.angle-vivant.net\/claireceira\/wp-json\/wp\/v2\/categories?post=2979"},{"taxonomy":"post_tag","embeddable":true,"href":"https:\/\/www.angle-vivant.net\/claireceira\/wp-json\/wp\/v2\/tags?post=2979"}],"curies":[{"name":"wp","href":"https:\/\/api.w.org\/{rel}","templated":true}]}}