{"id":2941,"date":"2017-06-26T16:05:38","date_gmt":"2017-06-26T16:05:38","guid":{"rendered":"https:\/\/www.angle-vivant.net\/claireceira\/?p=2941"},"modified":"2018-03-29T16:34:12","modified_gmt":"2018-03-29T16:34:12","slug":"aguirre","status":"publish","type":"post","link":"https:\/\/www.angle-vivant.net\/claireceira\/aguirre\/","title":{"rendered":"Aguirre"},"content":{"rendered":"<p>N\u2019importe quel endroit au centre<br \/>\nde cette for\u00eat-l\u00e0 &#8211; puits &#8211; lumi\u00e8re<br \/>\nverticale rouge sous la vo\u00fbte bleue.<br \/>\nn\u2019importe quel moment o\u00f9 jaillit<br \/>\nla sueur &#8211; o\u00f9 elle a attendu<br \/>\nl\u2019arr\u00eat pour huiler le corps<br \/>\ndans l\u2019immobilit\u00e9 des feuilles trou\u00e9es.<\/p>\n<p>z\u00e9nith : lumi\u00e8re de nudit\u00e9 de mort.<br \/>\non va chercher derri\u00e8re son visage<br \/>\nle cr\u00e2ne qu\u2019on porte depuis toujours<br \/>\nencore v\u00eatu de chair, de paroles<br \/>\net d\u2019expressions mouvantes \u2013 la lumi\u00e8re<br \/>\nutilis\u00e9e comme un laser pour r\u00e9v\u00e9ler<br \/>\nl\u2019imperfection \u2013 en invoquant la perfection<\/p>\n<p>d\u2019un visage r\u00eav\u00e9 qui serait<br \/>\naim\u00e9, visage de la vie compl\u00e8te<br \/>\n\u00e9blouissant, \u00e9toile noire pos\u00e9e au milieu<br \/>\ndu soleil &#8211; scotome ou d\u00e9mon tapi<br \/>\ndans le centre de la for\u00eat.<br \/>\nl\u00e0 o\u00f9 tu n\u2019es plus<br \/>\norient\u00e9, tu t\u2019arr\u00eates, sans eau.<\/p>\n<p>la lumi\u00e8re et tes mots traversent<br \/>\ncette vitre, ce rideau sur lequel<br \/>\nse cogne la vie perdue, s\u00e9par\u00e9e.<br \/>\nta voix monte vers le trou<br \/>\nperc\u00e9 dans la vo\u00fbte des arbres<br \/>\n(la v\u00e9rit\u00e9 du temps douche br\u00fblante)<br \/>\n\u00eatre exactement l\u00e0, voix douce &#8211; recherche.<\/p>\n<p><em>(en vers de 6 mots)<\/em><\/p>\n","protected":false},"excerpt":{"rendered":"<p>N\u2019importe quel endroit au centre de cette for\u00eat-l\u00e0 &#8211; puits &#8211; lumi\u00e8re verticale rouge sous la vo\u00fbte bleue. n\u2019importe quel moment o\u00f9 jaillit la sueur &#8211; o\u00f9 elle a attendu l\u2019arr\u00eat pour huiler le corps dans l\u2019immobilit\u00e9 des feuilles trou\u00e9es. (&hellip;)<\/p>\n<p><a href=\"https:\/\/www.angle-vivant.net\/claireceira\/aguirre\/\">Read the rest of this entry &raquo;<\/a><\/p>\n","protected":false},"author":1,"featured_media":0,"comment_status":"open","ping_status":"closed","sticky":false,"template":"","format":"standard","meta":{"footnotes":""},"categories":[1],"tags":[],"class_list":["post-2941","post","type-post","status-publish","format-standard","hentry","category-non-classe"],"_links":{"self":[{"href":"https:\/\/www.angle-vivant.net\/claireceira\/wp-json\/wp\/v2\/posts\/2941","targetHints":{"allow":["GET"]}}],"collection":[{"href":"https:\/\/www.angle-vivant.net\/claireceira\/wp-json\/wp\/v2\/posts"}],"about":[{"href":"https:\/\/www.angle-vivant.net\/claireceira\/wp-json\/wp\/v2\/types\/post"}],"author":[{"embeddable":true,"href":"https:\/\/www.angle-vivant.net\/claireceira\/wp-json\/wp\/v2\/users\/1"}],"replies":[{"embeddable":true,"href":"https:\/\/www.angle-vivant.net\/claireceira\/wp-json\/wp\/v2\/comments?post=2941"}],"version-history":[{"count":5,"href":"https:\/\/www.angle-vivant.net\/claireceira\/wp-json\/wp\/v2\/posts\/2941\/revisions"}],"predecessor-version":[{"id":3039,"href":"https:\/\/www.angle-vivant.net\/claireceira\/wp-json\/wp\/v2\/posts\/2941\/revisions\/3039"}],"wp:attachment":[{"href":"https:\/\/www.angle-vivant.net\/claireceira\/wp-json\/wp\/v2\/media?parent=2941"}],"wp:term":[{"taxonomy":"category","embeddable":true,"href":"https:\/\/www.angle-vivant.net\/claireceira\/wp-json\/wp\/v2\/categories?post=2941"},{"taxonomy":"post_tag","embeddable":true,"href":"https:\/\/www.angle-vivant.net\/claireceira\/wp-json\/wp\/v2\/tags?post=2941"}],"curies":[{"name":"wp","href":"https:\/\/api.w.org\/{rel}","templated":true}]}}