{"id":2867,"date":"2017-04-26T19:44:28","date_gmt":"2017-04-26T19:44:28","guid":{"rendered":"https:\/\/www.angle-vivant.net\/claireceira\/?p=2867"},"modified":"2017-04-26T19:44:28","modified_gmt":"2017-04-26T19:44:28","slug":"retour-en-grece","status":"publish","type":"post","link":"https:\/\/www.angle-vivant.net\/claireceira\/retour-en-grece\/","title":{"rendered":"retour en Gr\u00e8ce"},"content":{"rendered":"<p>tout commence le vendredi soir, de la Semaine Sainte : Ath\u00e8nes la nuit o\u00f9 cheminent des processions bancales, les cierges prot\u00e9g\u00e9s par une cupule de plastique transparent, rouge, o\u00f9 il faut abandonner la voiture en haut d\u2019une colline, juste au dessous d\u2019une muraille inconnue, descendre \u00e0 pied en tirant la valise, rouge, au milieu des d\u00eeneurs attabl\u00e9s dans la nuit, dans les ruelles d\u00e9fonc\u00e9es.<br \/>\napr\u00e8s ce mercredi (des Cendres) depuis lequel t\u2019accompagne une petite virgule de mort, juste un souffle sombre, une id\u00e9e, un risque infime, un mot qui effraie comme la chouette passant en plein jour devant le soleil \u00e9blouissant.<br \/>\net tout sera ainsi, de ville en ville, de route en route, de montagne en montagne : l\u2019\u00e9blouissant soleil, l\u2019espace bleu de la mer \u00e9tendue partout, les fleurs partout, les murs \u00e9croul\u00e9s, les panneaux : ce qui se vivait l\u00e0, les l\u00e9gendes, les temples, les noms. et les gens qui vivent maintenant, presque sans portable dirait-on, d\u00e9ambulant, travaillant, un peu de leur tranquillit\u00e9, leur langue, le rire des petites filles dans les ruines : celle qui a gliss\u00e9 debout en bas d\u2019une butte et reste l\u00e0, saisie, riant avec sa copine.<br \/>\nun balcon s\u00e9par\u00e9 de la mer par une route assez passante : un autre oiseau glisse devant le ciel, comme une virgule encore, mais invisible celle-l\u00e0, ou peut-\u00eatre rouge et transparente, le lundi de P\u00e2ques et ses \u0153ufs (rouges). la mort des agneaux.<br \/>\nil y a des sortes d\u2019\u00e9vidences, en Gr\u00e8ce, qu\u2019on n\u2019avait jamais rencontr\u00e9es, ailleurs. il ne s\u2019agit pas de croire en quoi que ce soit, ni Pan, ni dieu. c\u2019est devant les yeux.<\/p>\n","protected":false},"excerpt":{"rendered":"<p>tout commence le vendredi soir, de la Semaine Sainte : Ath\u00e8nes la nuit o\u00f9 cheminent des processions bancales, les cierges prot\u00e9g\u00e9s par une cupule de plastique transparent, rouge, o\u00f9 il faut abandonner la voiture en haut d\u2019une colline, juste au (&hellip;)<\/p>\n<p><a href=\"https:\/\/www.angle-vivant.net\/claireceira\/retour-en-grece\/\">Read the rest of this entry &raquo;<\/a><\/p>\n","protected":false},"author":1,"featured_media":0,"comment_status":"open","ping_status":"closed","sticky":false,"template":"","format":"standard","meta":{"footnotes":""},"categories":[1],"tags":[],"class_list":["post-2867","post","type-post","status-publish","format-standard","hentry","category-non-classe"],"_links":{"self":[{"href":"https:\/\/www.angle-vivant.net\/claireceira\/wp-json\/wp\/v2\/posts\/2867","targetHints":{"allow":["GET"]}}],"collection":[{"href":"https:\/\/www.angle-vivant.net\/claireceira\/wp-json\/wp\/v2\/posts"}],"about":[{"href":"https:\/\/www.angle-vivant.net\/claireceira\/wp-json\/wp\/v2\/types\/post"}],"author":[{"embeddable":true,"href":"https:\/\/www.angle-vivant.net\/claireceira\/wp-json\/wp\/v2\/users\/1"}],"replies":[{"embeddable":true,"href":"https:\/\/www.angle-vivant.net\/claireceira\/wp-json\/wp\/v2\/comments?post=2867"}],"version-history":[{"count":1,"href":"https:\/\/www.angle-vivant.net\/claireceira\/wp-json\/wp\/v2\/posts\/2867\/revisions"}],"predecessor-version":[{"id":2868,"href":"https:\/\/www.angle-vivant.net\/claireceira\/wp-json\/wp\/v2\/posts\/2867\/revisions\/2868"}],"wp:attachment":[{"href":"https:\/\/www.angle-vivant.net\/claireceira\/wp-json\/wp\/v2\/media?parent=2867"}],"wp:term":[{"taxonomy":"category","embeddable":true,"href":"https:\/\/www.angle-vivant.net\/claireceira\/wp-json\/wp\/v2\/categories?post=2867"},{"taxonomy":"post_tag","embeddable":true,"href":"https:\/\/www.angle-vivant.net\/claireceira\/wp-json\/wp\/v2\/tags?post=2867"}],"curies":[{"name":"wp","href":"https:\/\/api.w.org\/{rel}","templated":true}]}}